{"id":182175,"date":"2026-09-01T10:46:12","date_gmt":"2026-09-01T16:46:12","guid":{"rendered":"https:\/\/leon-mexico.com\/?p=182175"},"modified":"2026-09-04T11:12:22","modified_gmt":"2026-09-04T17:12:22","slug":"forum-cultural-guanajuato-celebra-20-anos-como-referente-del-arte-y-la-cultura","status":"publish","type":"post","link":"https:\/\/leon-mexico.com\/en\/noticias\/forum-cultural-guanajuato-celebra-20-anos-como-referente-del-arte-y-la-cultura\/","title":{"rendered":"Forum Cultural Guanajuato celebra 20 a\u00f1os como referente del arte y la cultura"},"content":{"rendered":"<div class=\"wpb-content-wrapper\"><div data-parent=\"true\" class=\"vc_row row-container\" id=\"row-unique-0\"><div class=\"row col-no-gutter single-top-padding single-bottom-padding single-h-padding limit-width row-parent\"><div class=\"wpb_row row-inner\"><div class=\"wpb_column pos-top pos-center align_left column_parent col-lg-12 single-internal-gutter\"><div class=\"uncol style-light\"  ><div class=\"uncoltable\"><div class=\"uncell no-block-padding\" ><div class=\"uncont\" ><div class=\"uncode_text_column\" ><\/p>\n<p style=\"text-align: justify;\">Hace 20 a\u00f1os, Guanajuato abri\u00f3 las puertas de un espacio destinado a transformar la manera de vivir el arte y la cultura. Hoy, el Forum Cultural Guanajuato celebra dos d\u00e9cadas como uno de los grandes referentes culturales de la entidad, con una programaci\u00f3n especial que reunir\u00e1 m\u00fasica, talento guanajuatense y grandes figuras de la escena nacional.<\/p>\n<p style=\"text-align: justify;\">La Secretar\u00eda de Cultura del Gobierno de la Gente, encabezada por Lizeth Galv\u00e1n Cort\u00e9s, impulsa esta celebraci\u00f3n como un reconocimiento a dos d\u00e9cadas de historia, pero tambi\u00e9n como una oportunidad para refrendar el compromiso de acercar el arte y la cultura a la gente y hacer de los espacios culturales lugares vivos, abiertos y accesibles para todas y todos.<\/p>\n<p style=\"text-align: justify;\">El Forum Cultural Guanajuato es hoy un complejo que articula distintos espacios dedicados a la creaci\u00f3n, la formaci\u00f3n, la lectura, la investigaci\u00f3n, las artes visuales y las artes esc\u00e9nicas. En \u00e9l conviven la Biblioteca Central Estatal de Guanajuato \u201cWigberto Jim\u00e9nez Moreno\u201d, el Museo de Arte e Historia de Guanajuato, el Teatro del Bicentenario Roberto Plasencia Salda\u00f1a, el Auditorio Mateo Herrera, la Unidad Acad\u00e9mica de Artes de la Universidad de Guanajuato y la Calzada de las Artes, adem\u00e1s de sus jardines y \u00e1reas comunes.<\/p>\n<p style=\"text-align: justify;\">M\u00e1s que un conjunto de edificios, el Forum se ha consolidado como un espacio de encuentro para p\u00fablicos diversos, donde la lectura, el conocimiento, las exposiciones, la m\u00fasica, el teatro, la danza y otras expresiones art\u00edsticas forman parte de la vida cotidiana de Guanajuato.<\/p>\n<p style=\"text-align: justify;\"><strong>Dos d\u00e9cadas de construir cultura<\/strong><\/p>\n<p style=\"text-align: justify;\">El proyecto que dar\u00eda origen al Forum Cultural Guanajuato surgi\u00f3 de la visi\u00f3n de crear un gran centro cultural que complementara el desarrollo del entonces Poliforum y fortaleciera a Le\u00f3n y al estado como referentes culturales y tur\u00edsticos. El proyecto arquitect\u00f3nico contempl\u00f3 un complejo de nueve hect\u00e1reas articulado por plazas y espacios p\u00fablicos, con infraestructura destinada a la cultura y las artes.<\/p>\n<p style=\"text-align: justify;\">La Biblioteca Central Estatal \u201cWigberto Jim\u00e9nez Moreno\u201d fue uno de los primeros espacios en integrarse al complejo y abri\u00f3 sus puertas el 7 de septiembre de 2006, fecha que marc\u00f3 tambi\u00e9n la inauguraci\u00f3n del Forum ante la comunidad art\u00edstica, intelectual, empresarial, autoridades y sociedad civil.<\/p>\n<p style=\"text-align: justify;\">Dise\u00f1ada por el arquitecto Didi Pei, la Biblioteca se ha consolidado durante estas dos d\u00e9cadas como un espacio para leer, investigar, aprender, crear y encontrarse. Actualmente resguarda m\u00e1s de 215 mil vol\u00famenes y cuenta con siete salas especializadas, entre ellas Infantil, Braille, Comicteca, Fondos Especiales y Ciudadan\u00eda Digital.<\/p>\n<p style=\"text-align: justify;\">Su historia tambi\u00e9n est\u00e1 marcada por la innovaci\u00f3n y la inclusi\u00f3n: fue de las primeras bibliotecas en contar con una colecci\u00f3n en Braille y una bebeteca, mientras que en 2015 inaugur\u00f3 la primera Comicteca p\u00fablica del pa\u00eds.<\/p>\n<p style=\"text-align: justify;\">A este proyecto se sum\u00f3 el Museo de Arte e Historia de Guanajuato, inaugurado el 27 de noviembre de 2008, que ampli\u00f3 la vocaci\u00f3n del complejo hacia las artes visuales, el patrimonio y la historia regional. Su infraestructura integra salas de exposici\u00f3n permanente y temporal, as\u00ed como espacios dedicados a la escultura mexicana, actividades educativas y encuentros culturales.<\/p>\n<p style=\"text-align: justify;\">Como parte de esta infraestructura cultural se encuentra tambi\u00e9n el Auditorio Mateo Herrera, un espacio destinado a la difusi\u00f3n de las artes esc\u00e9nicas y a la realizaci\u00f3n de actividades culturales de peque\u00f1o y gran formato, ampliando las posibilidades del complejo para recibir propuestas art\u00edsticas diversas y acercarlas a distintos p\u00fablicos.<\/p>\n<p style=\"text-align: justify;\">El Teatro del Bicentenario Roberto Plasencia Salda\u00f1a consolid\u00f3 la vocaci\u00f3n esc\u00e9nica del Forum con un recinto de alta especializaci\u00f3n, dise\u00f1ado para recibir m\u00fasica sinf\u00f3nica, \u00f3pera, ballet, teatro, musicales, conciertos y otras manifestaciones art\u00edsticas.<\/p>\n<p style=\"text-align: justify;\">A trav\u00e9s de la Calzada de las Artes, sus jardines y \u00e1reas comunes, el Forum extendi\u00f3 adem\u00e1s la experiencia cultural hacia el espacio p\u00fablico, generando escenarios para espect\u00e1culos al aire libre y actividades que permiten a la gente apropiarse del complejo y vivir la cultura de manera cercana.<\/p>\n<p>\n<\/div><div class=\"uncode-single-media  text-left\"><div class=\"single-wrapper\" style=\"max-width: 100%;\"><div class=\"tmb tmb-light  tmb-media-first tmb-media-last tmb-content-overlay tmb-no-bg\"><div class=\"t-inside\"><div class=\"t-entry-visual\"><div class=\"t-entry-visual-tc\"><div class=\"uncode-single-media-wrapper\"><img decoding=\"async\" class=\"wp-image-182177\" src=\"https:\/\/leon-mexico.com\/wp-content\/uploads\/2026\/09\/1.jpg\" width=\"1263\" height=\"1200\" alt=\"Cuatro m&uacute;sicos en Le&oacute;n, Guanajuato, en un estudio de grabaci&oacute;n, mostrando diversidad en estilos musicales y cultura local.\" srcset=\"https:\/\/leon-mexico.com\/wp-content\/uploads\/2026\/09\/1.jpg 1263w, https:\/\/leon-mexico.com\/wp-content\/uploads\/2026\/09\/1-768x730.jpg 768w, https:\/\/leon-mexico.com\/wp-content\/uploads\/2026\/09\/1-1536x1460.jpg 1536w, https:\/\/leon-mexico.com\/wp-content\/uploads\/2026\/09\/1-2048x1946.jpg 2048w, https:\/\/leon-mexico.com\/wp-content\/uploads\/2026\/09\/1-13x12.jpg 13w, https:\/\/leon-mexico.com\/wp-content\/uploads\/2026\/09\/1-350x333.jpg 350w, https:\/\/leon-mexico.com\/wp-content\/uploads\/2026\/09\/1-1320x1255.jpg 1320w, https:\/\/leon-mexico.com\/wp-content\/uploads\/2026\/09\/1-2155x2048.jpg 2155w\" sizes=\"(max-width: 1263px) 100vw, 1263px\" \/><\/div>\n\t\t\t\t\t<\/div>\n\t\t\t\t<\/div><\/div><\/div><\/div><\/div><div class=\"uncode_text_column\" ><\/p>\n<p style=\"text-align: justify;\">Para conmemorar estas dos d\u00e9cadas, la <em>Secretar\u00eda de Cultura del Gobierno de la Gente<\/em> prepar\u00f3 una celebraci\u00f3n musical que tendr\u00e1 como escenario la Calzada de las Artes y que reunir\u00e1 propuestas de distintas generaciones y lenguajes.<\/p>\n<p style=\"text-align: justify;\">La celebraci\u00f3n comenzar\u00e1 el 4 de septiembre con Pat\u00e9 de Fu\u00e1, agrupaci\u00f3n reconocida por su particular fusi\u00f3n de g\u00e9neros, que se presentar\u00e1 junto con la Orquesta Sinf\u00f3nica de Vientos Musicales para la Gente, en un encuentro que reunir\u00e1 la trayectoria de una agrupaci\u00f3n consolidada con el talento de j\u00f3venes m\u00fasicos guanajuatenses.<\/p>\n<p>\n<\/div><div id=\"gallery-671767\" class=\"un-media-gallery isotope-system isotope-general-light grid-general-light\">\n\t\t\t\t\t\n\t\n\t<div class=\"isotope-wrapper grid-wrapper single-gutter\" >\n\t\t\t\t\t\t\t\t\t<div class=\"isotope-container isotope-layout style-masonry\" data-type=\"masonry\" data-layout=\"masonry\" data-lg=\"1000\" data-md=\"600\" data-sm=\"480\">\n<div class=\"tmb tmb-iso-w4 tmb-iso-h4 tmb-light tmb-overlay-text-anim tmb-overlay-anim tmb-overlay-middle tmb-overlay-text-left tmb-image-anim tmb-bordered tmb-id-182182  tmb-media-first tmb-media-last tmb-content-overlay tmb-no-bg tmb-lightbox\" ><div class=\"t-inside no-anim\" ><div class=\"t-entry-visual\"><div class=\"t-entry-visual-tc\"><div class=\"t-entry-visual-cont\"><div class=\"dummy\" style=\"padding-top: 65.8%;\"><\/div><a href=\"https:\/\/leon-mexico.com\/wp-content\/uploads\/2026\/09\/2.0.png\"  class=\"pushed\" data-active=\"1\" data-lbox=\"ilightbox_gallery-671767\" data-external-thumb-image=\"https:\/\/leon-mexico.com\/wp-content\/uploads\/2026\/09\/2.0.png\" data-lg-size=\"1823-1200\" data-lb-index=\"0\"><div class=\"t-entry-visual-overlay\"><div class=\"t-entry-visual-overlay-in style-dark-bg\" style=\"opacity: 0.5;\"><\/div><\/div><img decoding=\"async\" class=\"wp-image-182182\" src=\"https:\/\/leon-mexico.com\/wp-content\/uploads\/2026\/09\/2.0.png\" width=\"1823\" height=\"1200\" alt=\"Mujer cantando en concierto con grupo de m\u00fasicos tradicionales en Le\u00f3n, Guanajuato, M\u00e9xico.\" srcset=\"https:\/\/leon-mexico.com\/wp-content\/uploads\/2026\/09\/2.0.png 1823w, https:\/\/leon-mexico.com\/wp-content\/uploads\/2026\/09\/2.0-768x505.png 768w, https:\/\/leon-mexico.com\/wp-content\/uploads\/2026\/09\/2.0-1536x1011.png 1536w, https:\/\/leon-mexico.com\/wp-content\/uploads\/2026\/09\/2.0-18x12.png 18w, https:\/\/leon-mexico.com\/wp-content\/uploads\/2026\/09\/2.0-350x230.png 350w, https:\/\/leon-mexico.com\/wp-content\/uploads\/2026\/09\/2.0-1320x869.png 1320w\" sizes=\"(max-width: 1823px) 100vw, 1823px\" \/><\/a><\/div>\n\t\t\t\t\t<\/div>\n\t\t\t\t<\/div><\/div><\/div><div class=\"tmb tmb-iso-w4 tmb-iso-h4 tmb-light tmb-overlay-text-anim tmb-overlay-anim tmb-overlay-middle tmb-overlay-text-left tmb-image-anim tmb-bordered tmb-id-182181  tmb-media-first tmb-media-last tmb-content-overlay tmb-no-bg tmb-lightbox\" ><div class=\"t-inside no-anim\" ><div class=\"t-entry-visual\"><div class=\"t-entry-visual-tc\"><div class=\"t-entry-visual-cont\"><div class=\"dummy\" style=\"padding-top: 147.5%;\"><\/div><a href=\"https:\/\/leon-mexico.com\/wp-content\/uploads\/2026\/09\/2.1.png\"  class=\"pushed\" data-active=\"1\" data-lbox=\"ilightbox_gallery-671767\" data-external-thumb-image=\"https:\/\/leon-mexico.com\/wp-content\/uploads\/2026\/09\/2.1.png\" data-lg-size=\"1200-1770\" data-lb-index=\"1\"><div class=\"t-entry-visual-overlay\"><div class=\"t-entry-visual-overlay-in style-dark-bg\" style=\"opacity: 0.5;\"><\/div><\/div><img decoding=\"async\" class=\"wp-image-182181\" src=\"https:\/\/leon-mexico.com\/wp-content\/uploads\/2026\/09\/2.1.png\" width=\"1200\" height=\"1770\" alt=\"Mujer con cabello corto y canoso, vestida con ropa negra y accesorios de hueso, en un entorno elegante y moderno en Le\u00f3n.\" srcset=\"https:\/\/leon-mexico.com\/wp-content\/uploads\/2026\/09\/2.1.png 1200w, https:\/\/leon-mexico.com\/wp-content\/uploads\/2026\/09\/2.1-768x1133.png 768w, https:\/\/leon-mexico.com\/wp-content\/uploads\/2026\/09\/2.1-1042x1536.png 1042w, https:\/\/leon-mexico.com\/wp-content\/uploads\/2026\/09\/2.1-8x12.png 8w, https:\/\/leon-mexico.com\/wp-content\/uploads\/2026\/09\/2.1-350x516.png 350w\" sizes=\"(max-width: 1200px) 100vw, 1200px\" \/><\/a><\/div>\n\t\t\t\t\t<\/div>\n\t\t\t\t<\/div><\/div><\/div><div class=\"tmb tmb-iso-w4 tmb-iso-h4 tmb-light tmb-overlay-text-anim tmb-overlay-anim tmb-overlay-middle tmb-overlay-text-left tmb-image-anim tmb-bordered tmb-id-182180  tmb-media-first tmb-media-last tmb-content-overlay tmb-no-bg tmb-lightbox\" ><div class=\"t-inside no-anim\" ><div class=\"t-entry-visual\"><div class=\"t-entry-visual-tc\"><div class=\"t-entry-visual-cont\"><div class=\"dummy\" style=\"padding-top: 99.6%;\"><\/div><a href=\"https:\/\/leon-mexico.com\/wp-content\/uploads\/2026\/09\/2.2.png\"  class=\"pushed\" data-active=\"1\" data-lbox=\"ilightbox_gallery-671767\" data-external-thumb-image=\"https:\/\/leon-mexico.com\/wp-content\/uploads\/2026\/09\/2.2.png\" data-lg-size=\"1205-1200\" data-lb-index=\"2\"><div class=\"t-entry-visual-overlay\"><div class=\"t-entry-visual-overlay-in style-dark-bg\" style=\"opacity: 0.5;\"><\/div><\/div><img decoding=\"async\" class=\"wp-image-182180\" src=\"https:\/\/leon-mexico.com\/wp-content\/uploads\/2026\/09\/2.2.png\" width=\"1205\" height=\"1200\" alt=\"Mujer elegante con abrigo de puntos negros y fondo naranja, estilo sofisticado y moderno.\" srcset=\"https:\/\/leon-mexico.com\/wp-content\/uploads\/2026\/09\/2.2.png 1205w, https:\/\/leon-mexico.com\/wp-content\/uploads\/2026\/09\/2.2-768x765.png 768w, https:\/\/leon-mexico.com\/wp-content\/uploads\/2026\/09\/2.2-300x300.png 300w, https:\/\/leon-mexico.com\/wp-content\/uploads\/2026\/09\/2.2-1536x1529.png 1536w, https:\/\/leon-mexico.com\/wp-content\/uploads\/2026\/09\/2.2-12x12.png 12w, https:\/\/leon-mexico.com\/wp-content\/uploads\/2026\/09\/2.2-350x348.png 350w, https:\/\/leon-mexico.com\/wp-content\/uploads\/2026\/09\/2.2-348x348.png 348w, https:\/\/leon-mexico.com\/wp-content\/uploads\/2026\/09\/2.2-1320x1314.png 1320w\" sizes=\"(max-width: 1205px) 100vw, 1205px\" \/><\/a><\/div>\n\t\t\t\t\t<\/div>\n\t\t\t\t<\/div><\/div><\/div><div class=\"tmb tmb-iso-w4 tmb-iso-h4 tmb-light tmb-overlay-text-anim tmb-overlay-anim tmb-overlay-middle tmb-overlay-text-left tmb-image-anim tmb-bordered tmb-id-182179  tmb-media-first tmb-media-last tmb-content-overlay tmb-no-bg tmb-lightbox\" ><div class=\"t-inside no-anim\" ><div class=\"t-entry-visual\"><div class=\"t-entry-visual-tc\"><div class=\"t-entry-visual-cont\"><div class=\"dummy\" style=\"padding-top: 121.4%;\"><\/div><a href=\"https:\/\/leon-mexico.com\/wp-content\/uploads\/2026\/09\/2.3.png\"  class=\"pushed\" data-active=\"1\" data-lbox=\"ilightbox_gallery-671767\" data-external-thumb-image=\"https:\/\/leon-mexico.com\/wp-content\/uploads\/2026\/09\/2.3.png\" data-lg-size=\"1200-1457\" data-lb-index=\"3\"><div class=\"t-entry-visual-overlay\"><div class=\"t-entry-visual-overlay-in style-dark-bg\" style=\"opacity: 0.5;\"><\/div><\/div><img decoding=\"async\" class=\"wp-image-182179\" src=\"https:\/\/leon-mexico.com\/wp-content\/uploads\/2026\/09\/2.3.png\" width=\"1200\" height=\"1457\" alt=\"Mujer con traje tradicional de Le\u00f3n, flores en el cabello, joyer\u00eda y expresi\u00f3n art\u00edstica, frente a una reja negra.\" srcset=\"https:\/\/leon-mexico.com\/wp-content\/uploads\/2026\/09\/2.3.png 1200w, https:\/\/leon-mexico.com\/wp-content\/uploads\/2026\/09\/2.3-768x932.png 768w, https:\/\/leon-mexico.com\/wp-content\/uploads\/2026\/09\/2.3-1265x1536.png 1265w, https:\/\/leon-mexico.com\/wp-content\/uploads\/2026\/09\/2.3-10x12.png 10w, https:\/\/leon-mexico.com\/wp-content\/uploads\/2026\/09\/2.3-350x425.png 350w, https:\/\/leon-mexico.com\/wp-content\/uploads\/2026\/09\/2.3-1320x1602.png 1320w\" sizes=\"(max-width: 1200px) 100vw, 1200px\" \/><\/a><\/div>\n\t\t\t\t\t<\/div>\n\t\t\t\t<\/div><\/div><\/div><div class=\"tmb tmb-iso-w4 tmb-iso-h4 tmb-light tmb-overlay-text-anim tmb-overlay-anim tmb-overlay-middle tmb-overlay-text-left tmb-image-anim tmb-bordered tmb-id-182178  tmb-media-first tmb-media-last tmb-content-overlay tmb-no-bg tmb-lightbox\" ><div class=\"t-inside no-anim\" ><div class=\"t-entry-visual\"><div class=\"t-entry-visual-tc\"><div class=\"t-entry-visual-cont\"><div class=\"dummy\" style=\"padding-top: 66.1%;\"><\/div><a href=\"https:\/\/leon-mexico.com\/wp-content\/uploads\/2026\/09\/2.4.png\"  class=\"pushed\" data-active=\"1\" data-lbox=\"ilightbox_gallery-671767\" data-external-thumb-image=\"https:\/\/leon-mexico.com\/wp-content\/uploads\/2026\/09\/2.4.png\" data-lg-size=\"1816-1200\" data-lb-index=\"4\"><div class=\"t-entry-visual-overlay\"><div class=\"t-entry-visual-overlay-in style-dark-bg\" style=\"opacity: 0.5;\"><\/div><\/div><img decoding=\"async\" class=\"wp-image-182178\" src=\"https:\/\/leon-mexico.com\/wp-content\/uploads\/2026\/09\/2.4.png\" width=\"1816\" height=\"1200\" alt=\"Mujer con vestido rojo en paisaje volc\u00e1nico, expresi\u00f3n serena, en un entorno de ceniza volc\u00e1nica y tierra negra.\" srcset=\"https:\/\/leon-mexico.com\/wp-content\/uploads\/2026\/09\/2.4.png 1816w, https:\/\/leon-mexico.com\/wp-content\/uploads\/2026\/09\/2.4-768x508.png 768w, https:\/\/leon-mexico.com\/wp-content\/uploads\/2026\/09\/2.4-1536x1015.png 1536w, https:\/\/leon-mexico.com\/wp-content\/uploads\/2026\/09\/2.4-2048x1353.png 2048w, https:\/\/leon-mexico.com\/wp-content\/uploads\/2026\/09\/2.4-18x12.png 18w, https:\/\/leon-mexico.com\/wp-content\/uploads\/2026\/09\/2.4-350x231.png 350w, https:\/\/leon-mexico.com\/wp-content\/uploads\/2026\/09\/2.4-1320x872.png 1320w\" sizes=\"(max-width: 1816px) 100vw, 1816px\" \/><\/a><\/div>\n\t\t\t\t\t<\/div>\n\t\t\t\t<\/div><\/div><\/div>\t\t\t<\/div>\n\t\t\t\t\t<\/div>\n\n\t\n\t\n\t\n<\/div>\n\n<div class=\"uncode_text_column\" ><\/p>\n<p style=\"text-align: justify;\">El 5 de septiembre llegar\u00e1 uno de los momentos centrales de la celebraci\u00f3n con \u201c<em>Chavela y sus mujeres: un homenaje a Chavela Vargas en el marco del centenario de Jos\u00e9 Alfredo Jim\u00e9nez<\/em>\u201d, un concierto que reunir\u00e1 a Ely Guerra, Eugenia Le\u00f3n, Ximena Sari\u00f1ana, Regina Orozco y Ofelia Medina, acompa\u00f1adas por Mariachi Gama 1000 y Los Macorinos.<\/p>\n<p style=\"text-align: justify;\">La propuesta ser\u00e1 un encuentro de voces y generaciones alrededor de una de las figuras fundamentales de la m\u00fasica mexicana, en una celebraci\u00f3n que adem\u00e1s se vincula con el centenario de otro de los grandes compositores de nuestro pa\u00eds: Jos\u00e9 Alfredo Jim\u00e9nez.<\/p>\n<p>\n<\/div><div class=\"uncode-single-media  text-left\"><div class=\"single-wrapper\" style=\"max-width: 100%;\"><div class=\"tmb tmb-light  tmb-media-first tmb-media-last tmb-content-overlay tmb-no-bg\"><div class=\"t-inside\"><div class=\"t-entry-visual\"><div class=\"t-entry-visual-tc\"><div class=\"uncode-single-media-wrapper\"><img decoding=\"async\" class=\"wp-image-182183\" src=\"https:\/\/leon-mexico.com\/wp-content\/uploads\/2026\/09\/3-1.jpg\" width=\"1600\" height=\"1066\" alt=\"Orquesta de jazz en vivo en Le&oacute;n, Guanajuato, M&eacute;xico, durante un concierto cultural.\" srcset=\"https:\/\/leon-mexico.com\/wp-content\/uploads\/2026\/09\/3-1.jpg 1600w, https:\/\/leon-mexico.com\/wp-content\/uploads\/2026\/09\/3-1-768x512.jpg 768w, https:\/\/leon-mexico.com\/wp-content\/uploads\/2026\/09\/3-1-391x260.jpg 391w, https:\/\/leon-mexico.com\/wp-content\/uploads\/2026\/09\/3-1-1536x1023.jpg 1536w, https:\/\/leon-mexico.com\/wp-content\/uploads\/2026\/09\/3-1-18x12.jpg 18w, https:\/\/leon-mexico.com\/wp-content\/uploads\/2026\/09\/3-1-350x233.jpg 350w, https:\/\/leon-mexico.com\/wp-content\/uploads\/2026\/09\/3-1-1320x879.jpg 1320w\" sizes=\"(max-width: 1600px) 100vw, 1600px\" \/><\/div>\n\t\t\t\t\t<\/div>\n\t\t\t\t<\/div><\/div><\/div><\/div><\/div><div class=\"uncode_text_column\" ><\/p>\n<p style=\"text-align: justify;\">El 6 de septiembre, la celebraci\u00f3n llegar\u00e1 a su cierre con Juan de los Reyes y su Bandototota, ensamble musical del estado dirigido por Omar C\u00f3rdova, integrado por m\u00fasicos profesionales y estudiantes avanzados provenientes de distintos puntos de Guanajuato.<\/p>\n<p style=\"text-align: justify;\">Con una propuesta marcada por la versatilidad, la energ\u00eda y la improvisaci\u00f3n, la agrupaci\u00f3n combina distintas experiencias y lenguajes musicales, haciendo de esta presentaci\u00f3n un cierre festivo para tres d\u00edas dedicados a celebrar la m\u00fasica y la historia del Forum.<\/p>\n<p style=\"text-align: justify;\">Las tres presentaciones ser\u00e1n gratuitas y abiertas a todo p\u00fablico, como parte de una celebraci\u00f3n que busca que los 20 a\u00f1os del Forum Cultural Guanajuato se vivan junto con la gente.<\/p>\n<p style=\"text-align: justify;\"><strong>Una celebraci\u00f3n que contin\u00faa<\/strong><\/p>\n<p style=\"text-align: justify;\">La celebraci\u00f3n por el vig\u00e9simo aniversario continuar\u00e1 durante septiembre con una programaci\u00f3n que refleja la diversidad de disciplinas y p\u00fablicos que han dado identidad al Forum Cultural Guanajuato.<\/p>\n<p style=\"text-align: justify;\">Entre las actividades se encuentran <em>\u201cHERO\u00cdNAS, \u00f3pera contada y cantada para dos sopranos, piano y narrador<\/em>\u201d, Vantablack, Jorge Moreno Jazz Ensamble con SyntheticsFunk con Sax y Mushamukas Ensamble de Contrabajos.<\/p>\n<p style=\"text-align: justify;\">Esta diversidad de propuestas da cuenta de la vocaci\u00f3n del Forum como un complejo cultural que, a lo largo de 20 a\u00f1os, ha abierto sus espacios a diferentes expresiones art\u00edsticas, generaciones y comunidades.<\/p>\n<p style=\"text-align: justify;\">La programaci\u00f3n conmemorativa representa tambi\u00e9n una oportunidad para reconocer la historia de un complejo que durante dos d\u00e9cadas ha sido escenario de encuentros, aprendizajes, exposiciones, conciertos, obras, lecturas y experiencias que forman parte de la vida cultural de Guanajuato.<\/p>\n<p>\n<\/div><div id=\"gallery-671767\" class=\"un-media-gallery isotope-system isotope-general-light grid-general-light\">\n\t\t\t\t\t\n\t\n\t<div class=\"isotope-wrapper grid-wrapper single-gutter\" >\n\t\t\t\t\t\t\t\t\t<div class=\"isotope-container isotope-layout style-masonry\" data-type=\"masonry\" data-layout=\"masonry\" data-lg=\"1000\" data-md=\"600\" data-sm=\"480\">\n<div class=\"tmb tmb-iso-w4 tmb-iso-h4 tmb-light tmb-overlay-text-anim tmb-overlay-anim tmb-overlay-middle tmb-overlay-text-left tmb-image-anim tmb-bordered tmb-id-182187  tmb-media-first tmb-media-last tmb-content-overlay tmb-no-bg tmb-lightbox\" ><div class=\"t-inside no-anim\" ><div class=\"t-entry-visual\"><div class=\"t-entry-visual-tc\"><div class=\"t-entry-visual-cont\"><div class=\"dummy\" style=\"padding-top: 155.4%;\"><\/div><a href=\"https:\/\/leon-mexico.com\/wp-content\/uploads\/2026\/09\/4.0.png\"  class=\"pushed\" data-active=\"1\" data-lbox=\"ilightbox_gallery-671767\" data-external-thumb-image=\"https:\/\/leon-mexico.com\/wp-content\/uploads\/2026\/09\/4.0.png\" data-lg-size=\"1170-1818\" data-lb-index=\"0\"><div class=\"t-entry-visual-overlay\"><div class=\"t-entry-visual-overlay-in style-dark-bg\" style=\"opacity: 0.5;\"><\/div><\/div><img decoding=\"async\" class=\"wp-image-182187\" src=\"https:\/\/leon-mexico.com\/wp-content\/uploads\/2026\/09\/4.0.png\" width=\"1170\" height=\"1818\" alt=\"Escultura de manos humanas en un dise\u00f1o digital con fondo negro y elementos verdes de radar.\" srcset=\"https:\/\/leon-mexico.com\/wp-content\/uploads\/2026\/09\/4.0.png 1170w, https:\/\/leon-mexico.com\/wp-content\/uploads\/2026\/09\/4.0-768x1193.png 768w, https:\/\/leon-mexico.com\/wp-content\/uploads\/2026\/09\/4.0-989x1536.png 989w, https:\/\/leon-mexico.com\/wp-content\/uploads\/2026\/09\/4.0-8x12.png 8w, https:\/\/leon-mexico.com\/wp-content\/uploads\/2026\/09\/4.0-350x544.png 350w\" sizes=\"(max-width: 1170px) 100vw, 1170px\" \/><\/a><\/div>\n\t\t\t\t\t<\/div>\n\t\t\t\t<\/div><\/div><\/div><div class=\"tmb tmb-iso-w4 tmb-iso-h4 tmb-light tmb-overlay-text-anim tmb-overlay-anim tmb-overlay-middle tmb-overlay-text-left tmb-image-anim tmb-bordered tmb-id-182186  tmb-media-first tmb-media-last tmb-content-overlay tmb-no-bg tmb-lightbox\" ><div class=\"t-inside no-anim\" ><div class=\"t-entry-visual\"><div class=\"t-entry-visual-tc\"><div class=\"t-entry-visual-cont\"><div class=\"dummy\" style=\"padding-top: 149.7%;\"><\/div><a href=\"https:\/\/leon-mexico.com\/wp-content\/uploads\/2026\/09\/4.1.png\"  class=\"pushed\" data-active=\"1\" data-lbox=\"ilightbox_gallery-671767\" data-external-thumb-image=\"https:\/\/leon-mexico.com\/wp-content\/uploads\/2026\/09\/4.1.png\" data-lg-size=\"1200-1796\" data-lb-index=\"1\"><div class=\"t-entry-visual-overlay\"><div class=\"t-entry-visual-overlay-in style-dark-bg\" style=\"opacity: 0.5;\"><\/div><\/div><img decoding=\"async\" class=\"wp-image-182186\" src=\"https:\/\/leon-mexico.com\/wp-content\/uploads\/2026\/09\/4.1.png\" width=\"1200\" height=\"1796\" alt=\"Dos mujeres en un jard\u00edn en Le\u00f3n, Guanajuato, disfrutando del arte y la cultura local en un entorno natural y vibrante.\" srcset=\"https:\/\/leon-mexico.com\/wp-content\/uploads\/2026\/09\/4.1.png 1200w, https:\/\/leon-mexico.com\/wp-content\/uploads\/2026\/09\/4.1-768x1149.png 768w, https:\/\/leon-mexico.com\/wp-content\/uploads\/2026\/09\/4.1-1026x1536.png 1026w, https:\/\/leon-mexico.com\/wp-content\/uploads\/2026\/09\/4.1-8x12.png 8w, https:\/\/leon-mexico.com\/wp-content\/uploads\/2026\/09\/4.1-350x524.png 350w\" sizes=\"(max-width: 1200px) 100vw, 1200px\" \/><\/a><\/div>\n\t\t\t\t\t<\/div>\n\t\t\t\t<\/div><\/div><\/div><div class=\"tmb tmb-iso-w4 tmb-iso-h4 tmb-light tmb-overlay-text-anim tmb-overlay-anim tmb-overlay-middle tmb-overlay-text-left tmb-image-anim tmb-bordered tmb-id-182185  tmb-media-first tmb-media-last tmb-content-overlay tmb-no-bg tmb-lightbox\" ><div class=\"t-inside no-anim\" ><div class=\"t-entry-visual\"><div class=\"t-entry-visual-tc\"><div class=\"t-entry-visual-cont\"><div class=\"dummy\" style=\"padding-top: 65.6%;\"><\/div><a href=\"https:\/\/leon-mexico.com\/wp-content\/uploads\/2026\/09\/4.2.png\"  class=\"pushed\" data-active=\"1\" data-lbox=\"ilightbox_gallery-671767\" data-external-thumb-image=\"https:\/\/leon-mexico.com\/wp-content\/uploads\/2026\/09\/4.2.png\" data-lg-size=\"1830-1200\" data-lb-index=\"2\"><div class=\"t-entry-visual-overlay\"><div class=\"t-entry-visual-overlay-in style-dark-bg\" style=\"opacity: 0.5;\"><\/div><\/div><img decoding=\"async\" class=\"wp-image-182185\" src=\"https:\/\/leon-mexico.com\/wp-content\/uploads\/2026\/09\/4.2.png\" width=\"1830\" height=\"1200\" alt=\"Grupo de m\u00fasicos con contrabajos en escenario oscuro, promoviendo cultura en Le\u00f3n, Guanajuato, M\u00e9xico.\" srcset=\"https:\/\/leon-mexico.com\/wp-content\/uploads\/2026\/09\/4.2.png 1830w, https:\/\/leon-mexico.com\/wp-content\/uploads\/2026\/09\/4.2-768x504.png 768w, https:\/\/leon-mexico.com\/wp-content\/uploads\/2026\/09\/4.2-1536x1007.png 1536w, https:\/\/leon-mexico.com\/wp-content\/uploads\/2026\/09\/4.2-2048x1343.png 2048w, https:\/\/leon-mexico.com\/wp-content\/uploads\/2026\/09\/4.2-18x12.png 18w, https:\/\/leon-mexico.com\/wp-content\/uploads\/2026\/09\/4.2-350x229.png 350w, https:\/\/leon-mexico.com\/wp-content\/uploads\/2026\/09\/4.2-1320x866.png 1320w\" sizes=\"(max-width: 1830px) 100vw, 1830px\" \/><\/a><\/div>\n\t\t\t\t\t<\/div>\n\t\t\t\t<\/div><\/div><\/div>\t\t\t<\/div>\n\t\t\t\t\t<\/div>\n\n\t\n\t\n\t\n<\/div>\n\n<div class=\"uncode_text_column\" ><\/p>\n<p style=\"text-align: justify;\">Con el impulso de la <em>Secretar\u00eda de Cultura del Gobierno de la Gente<\/em>, encabezada por Lizeth Galv\u00e1n Cort\u00e9s, el Forum Cultural Guanajuato llega a sus primeros 20 a\u00f1os mirando hacia el futuro, con el compromiso de seguir fortaleciendo el acceso a la cultura, ampliar sus p\u00fablicos y mantener estos espacios como lugares de encuentro, creaci\u00f3n y participaci\u00f3n para la gente de Guanajuato.<\/p>\n<p>\n<\/div><\/div><\/div><\/div><\/div><\/div><script id=\"script-row-unique-0\" data-row=\"script-row-unique-0\" type=\"text\/javascript\" class=\"vc_controls\">UNCODE.initRow(document.getElementById(\"row-unique-0\"));<\/script><\/div><\/div><\/div>\n<\/div>","protected":false},"excerpt":{"rendered":"<p>&#8211; Pat\u00e9 de Fu\u00e1 y Vientos Musicales para la Gente abrir\u00e1n la celebraci\u00f3n con un encuentro musical que reunir\u00e1 la experiencia de la agrupaci\u00f3n con el talento de j\u00f3venes m\u00fasicos guanajuatenses.<br \/>\n&#8211; Ely Guerra, Eugenia Le\u00f3n, Ximena Sari\u00f1ana, Regina Orozco y Ofelia Medina protagonizar\u00e1n \u201cChavela y sus mujeres\u201d, un homenaje a Chavela Vargas en el marco del centenario de Jos\u00e9 Alfredo Jim\u00e9nez.<br \/>\n&#8211; Juan de los Reyes y su Bandototota cerrar\u00e1n la celebraci\u00f3n con una propuesta que re\u00fane jazz, m\u00fasica e improvisaci\u00f3n.<br \/>\n&#8211; Las tres presentaciones ser\u00e1n gratuitas y tendr\u00e1n como escenario la Calzada de las Artes.<\/p>","protected":false},"author":5,"featured_media":182176,"comment_status":"closed","ping_status":"closed","sticky":false,"template":"","format":"standard","meta":{"rs_blank_template":"","rs_page_bg_color":"","slide_template_v7":"","footnotes":""},"categories":[141],"tags":[],"class_list":["post-182175","post","type-post","status-publish","format-standard","has-post-thumbnail","hentry","category-noticias"],"_links":{"self":[{"href":"https:\/\/leon-mexico.com\/en\/wp-json\/wp\/v2\/posts\/182175","targetHints":{"allow":["GET"]}}],"collection":[{"href":"https:\/\/leon-mexico.com\/en\/wp-json\/wp\/v2\/posts"}],"about":[{"href":"https:\/\/leon-mexico.com\/en\/wp-json\/wp\/v2\/types\/post"}],"author":[{"embeddable":true,"href":"https:\/\/leon-mexico.com\/en\/wp-json\/wp\/v2\/users\/5"}],"replies":[{"embeddable":true,"href":"https:\/\/leon-mexico.com\/en\/wp-json\/wp\/v2\/comments?post=182175"}],"version-history":[{"count":0,"href":"https:\/\/leon-mexico.com\/en\/wp-json\/wp\/v2\/posts\/182175\/revisions"}],"wp:featuredmedia":[{"embeddable":true,"href":"https:\/\/leon-mexico.com\/en\/wp-json\/wp\/v2\/media\/182176"}],"wp:attachment":[{"href":"https:\/\/leon-mexico.com\/en\/wp-json\/wp\/v2\/media?parent=182175"}],"wp:term":[{"taxonomy":"category","embeddable":true,"href":"https:\/\/leon-mexico.com\/en\/wp-json\/wp\/v2\/categories?post=182175"},{"taxonomy":"post_tag","embeddable":true,"href":"https:\/\/leon-mexico.com\/en\/wp-json\/wp\/v2\/tags?post=182175"}],"curies":[{"name":"wp","href":"https:\/\/api.w.org\/{rel}","templated":true}]}}