{"id":181978,"date":"2026-09-01T14:12:29","date_gmt":"2026-09-01T20:12:29","guid":{"rendered":"https:\/\/leon-mexico.com\/?p=181978"},"modified":"2026-09-01T14:12:29","modified_gmt":"2026-09-01T20:12:29","slug":"festival-de-verano-vive-leon-2026-supera-el-millon-de-visitantes-y-fortalece-el-turismo-familiar","status":"publish","type":"post","link":"https:\/\/leon-mexico.com\/en\/noticias\/festival-de-verano-vive-leon-2026-supera-el-millon-de-visitantes-y-fortalece-el-turismo-familiar\/","title":{"rendered":"Festival de Verano Vive Le\u00f3n 2026 supera el mill\u00f3n de visitantes y fortalece el turismo familiar"},"content":{"rendered":"<div class=\"wpb-content-wrapper\"><div data-parent=\"true\" class=\"vc_row row-container\" id=\"row-unique-0\"><div class=\"row col-no-gutter single-top-padding single-bottom-padding single-h-padding limit-width row-parent\"><div class=\"wpb_row row-inner\"><div class=\"wpb_column pos-top pos-center align_left column_parent col-lg-12 single-internal-gutter\"><div class=\"uncol style-light\"  ><div class=\"uncoltable\"><div class=\"uncell no-block-padding\" ><div class=\"uncont\" ><div class=\"uncode_text_column\" ><\/p>\n<p style=\"text-align: justify;\">El <strong>Festival de Verano Vive Le\u00f3n 2026<\/strong> cerr\u00f3 su quinta edici\u00f3n con una asistencia de m\u00e1s de un mill\u00f3n 39 mil visitantes, consolid\u00e1ndose como uno de los principales espacios de convivencia y entretenimiento para las familias leonesas, adem\u00e1s de generar beneficios importantes para el turismo, el comercio y la econom\u00eda de la ciudad.<\/p>\n<p style=\"text-align: justify;\">Realizado del <strong>17 de julio al 2 de agosto<\/strong>, el festival present\u00f3 este a\u00f1o la tem\u00e1tica \u201cDiversi\u00f3n fuera de este mundo\u201d, con actividades especialmente pensadas para ni\u00f1as, ni\u00f1os y j\u00f3venes, combinando entretenimiento, imaginaci\u00f3n, ciencia y tecnolog\u00eda.<\/p>\n<p style=\"text-align: justify;\">De acuerdo con los resultados presentados, el evento gener\u00f3 una derrama econ\u00f3mica superior a los 560 millones de pesos, adem\u00e1s de favorecer la actividad tur\u00edstica de Le\u00f3n durante el periodo vacacional.<\/p>\n<p style=\"text-align: justify;\">El 90% de las actividades fueron gratuitas, permitiendo que miles de familias disfrutaran de juegos mec\u00e1nicos, talleres, espect\u00e1culos infantiles, presentaciones musicales y diferentes experiencias tem\u00e1ticas.<\/p>\n<p style=\"text-align: justify;\">Entre los espacios que tuvieron mayor respuesta se encontr\u00f3 Gal\u00e1xtico, una zona de exploraci\u00f3n con arenero y alberca de pelotas que recibi\u00f3 a m\u00e1s de 105 mil personas. Tambi\u00e9n destac\u00f3 la Estaci\u00f3n Estelar, que reuni\u00f3 espect\u00e1culos, m\u00fasica y presentaciones de talento local.<\/p>\n<p style=\"text-align: justify;\">La oferta del festival se complement\u00f3 con el Festival de las Naciones, en el que participaron comunidades provenientes de Egipto, Cuba, Colombia, Pakist\u00e1n, Argentina, El Salvador, Turqu\u00eda, Jap\u00f3n, Venezuela y Francia, compartiendo parte de su cultura, gastronom\u00eda y tradiciones.<\/p>\n<p style=\"text-align: justify;\"><strong>Impulso a emprendedores y productos locales<\/strong><\/p>\n<p style=\"text-align: justify;\"><strong>Vive Le\u00f3n 2026<\/strong> tambi\u00e9n se convirti\u00f3 en una plataforma para promover el consumo local y abrir oportunidades de comercializaci\u00f3n para productores y emprendedores.<\/p>\n<p style=\"text-align: justify;\">Durante esta edici\u00f3n participaron expositores leoneses en diferentes espacios comerciales, adem\u00e1s del pabell\u00f3n <em>\u201cYo Compro en Le\u00f3n\u201d<\/em>, que reuni\u00f3 proyectos vinculados con las direcciones de Econom\u00eda, Desarrollo Social y Desarrollo Rural, as\u00ed como integrantes del Consejo Ind\u00edgena.<\/p>\n<p style=\"text-align: justify;\">El <strong>Pabell\u00f3n Marca Guanajuato<\/strong> cont\u00f3 adem\u00e1s con empresas y emprendedores provenientes de municipios como <strong>Le\u00f3n, Celaya, Irapuato y San Francisco del Rinc\u00f3n<\/strong>, con productos agroalimentarios, artesanales, textiles y del sector cuero-calzado.<\/p>\n<p style=\"text-align: justify;\">A esta oferta se sum\u00f3 Bazar Nebulosa, creado para brindar mayor visibilidad a proyectos y marcas locales.<\/p>\n<p style=\"text-align: justify;\">La realizaci\u00f3n del festival tambi\u00e9n tuvo un impacto positivo en el sector hotelero. Durante el periodo se registraron 64 mil 135 cuartos ocupados y la llegada de 80 mil 899 turistas a hoteles de Le\u00f3n, alcanzando una ocupaci\u00f3n hotelera promedio del 53%.<\/p>\n<p style=\"text-align: justify;\">Con estos resultados, el<strong> Festival de Verano Vive Le\u00f3n 2026<\/strong> refrenda su importancia como un evento que re\u00fane a las familias, impulsa el talento y los productos locales y contribuye al fortalecimiento de la actividad tur\u00edstica y econ\u00f3mica de Le\u00f3n.<\/p>\n<p>\n<\/div><\/div><\/div><\/div><\/div><\/div><script id=\"script-row-unique-0\" data-row=\"script-row-unique-0\" type=\"text\/javascript\" class=\"vc_controls\">UNCODE.initRow(document.getElementById(\"row-unique-0\"));<\/script><\/div><\/div><\/div><div data-parent=\"true\" class=\"vc_row row-container\" id=\"row-unique-1\"><div class=\"row limit-width row-parent\"><div class=\"wpb_row row-inner\"><div class=\"wpb_column pos-top pos-center align_left column_parent col-lg-12 single-internal-gutter\"><div class=\"uncol style-light\"  ><div class=\"uncoltable\"><div class=\"uncell no-block-padding\" ><div class=\"uncont\" ><div class=\"uncode-single-media  text-left\"><div class=\"single-wrapper\" style=\"max-width: 100%;\"><div class=\"tmb tmb-light  tmb-media-first tmb-media-last tmb-content-overlay tmb-no-bg\"><div class=\"t-inside\"><div class=\"t-entry-visual\"><div class=\"t-entry-visual-tc\"><div class=\"uncode-single-media-wrapper\"><img decoding=\"async\" class=\"wp-image-180791\" src=\"https:\/\/leon-mexico.com\/wp-content\/uploads\/2026\/07\/FVVL-jul26-9.png.jpeg\" width=\"1800\" height=\"1200\" alt=\"Decoraci&oacute;n tem&aacute;tica espacial en Vive Le&oacute;n 2026, con planetas y estrellas colgantes en el festival de verano.\" srcset=\"https:\/\/leon-mexico.com\/wp-content\/uploads\/2026\/07\/FVVL-jul26-9.png.jpeg 1800w, https:\/\/leon-mexico.com\/wp-content\/uploads\/2026\/07\/FVVL-jul26-9.png-768x512.jpeg 768w, https:\/\/leon-mexico.com\/wp-content\/uploads\/2026\/07\/FVVL-jul26-9.png-391x260.jpeg 391w, https:\/\/leon-mexico.com\/wp-content\/uploads\/2026\/07\/FVVL-jul26-9.png-1536x1024.jpeg 1536w, https:\/\/leon-mexico.com\/wp-content\/uploads\/2026\/07\/FVVL-jul26-9.png-2048x1365.jpeg 2048w, https:\/\/leon-mexico.com\/wp-content\/uploads\/2026\/07\/FVVL-jul26-9.png-18x12.jpeg 18w, https:\/\/leon-mexico.com\/wp-content\/uploads\/2026\/07\/FVVL-jul26-9.png-350x233.jpeg 350w, https:\/\/leon-mexico.com\/wp-content\/uploads\/2026\/07\/FVVL-jul26-9.png-1320x880.jpeg 1320w\" sizes=\"(max-width: 1800px) 100vw, 1800px\" \/><\/div>\n\t\t\t\t\t<\/div>\n\t\t\t\t<\/div><\/div><\/div><\/div><\/div><\/div><\/div><\/div><\/div><\/div><script id=\"script-row-unique-1\" data-row=\"script-row-unique-1\" type=\"text\/javascript\" class=\"vc_controls\">UNCODE.initRow(document.getElementById(\"row-unique-1\"));<\/script><\/div><\/div><\/div>\n<\/div>","protected":false},"excerpt":{"rendered":"<p>El Festival de Verano Vive Le\u00f3n 2026 super\u00f3 el mill\u00f3n de visitantes y gener\u00f3 una derrama econ\u00f3mica de m\u00e1s de 560 millones de pesos, consolid\u00e1ndose como un importante espacio de convivencia familiar, impulso al turismo y promoci\u00f3n del talento y los productos locales.<\/p>","protected":false},"author":5,"featured_media":180794,"comment_status":"closed","ping_status":"closed","sticky":false,"template":"","format":"standard","meta":{"rs_blank_template":"","rs_page_bg_color":"","slide_template_v7":"","footnotes":""},"categories":[141],"tags":[],"class_list":["post-181978","post","type-post","status-publish","format-standard","has-post-thumbnail","hentry","category-noticias"],"_links":{"self":[{"href":"https:\/\/leon-mexico.com\/en\/wp-json\/wp\/v2\/posts\/181978","targetHints":{"allow":["GET"]}}],"collection":[{"href":"https:\/\/leon-mexico.com\/en\/wp-json\/wp\/v2\/posts"}],"about":[{"href":"https:\/\/leon-mexico.com\/en\/wp-json\/wp\/v2\/types\/post"}],"author":[{"embeddable":true,"href":"https:\/\/leon-mexico.com\/en\/wp-json\/wp\/v2\/users\/5"}],"replies":[{"embeddable":true,"href":"https:\/\/leon-mexico.com\/en\/wp-json\/wp\/v2\/comments?post=181978"}],"version-history":[{"count":0,"href":"https:\/\/leon-mexico.com\/en\/wp-json\/wp\/v2\/posts\/181978\/revisions"}],"wp:featuredmedia":[{"embeddable":true,"href":"https:\/\/leon-mexico.com\/en\/wp-json\/wp\/v2\/media\/180794"}],"wp:attachment":[{"href":"https:\/\/leon-mexico.com\/en\/wp-json\/wp\/v2\/media?parent=181978"}],"wp:term":[{"taxonomy":"category","embeddable":true,"href":"https:\/\/leon-mexico.com\/en\/wp-json\/wp\/v2\/categories?post=181978"},{"taxonomy":"post_tag","embeddable":true,"href":"https:\/\/leon-mexico.com\/en\/wp-json\/wp\/v2\/tags?post=181978"}],"curies":[{"name":"wp","href":"https:\/\/api.w.org\/{rel}","templated":true}]}}