{"id":181971,"date":"2026-09-01T13:53:10","date_gmt":"2026-09-01T19:53:10","guid":{"rendered":"https:\/\/leon-mexico.com\/?p=181971"},"modified":"2026-09-01T14:17:09","modified_gmt":"2026-09-01T20:17:09","slug":"vive-la-cultura-y-tradicion-en-los-festejos-patrios-del-instituto-cultural-de-leon","status":"publish","type":"post","link":"https:\/\/leon-mexico.com\/en\/blog\/actividades-en-leon\/vive-la-cultura-y-tradicion-en-los-festejos-patrios-del-instituto-cultural-de-leon\/","title":{"rendered":"Vive la Cultura y Tradici\u00f3n en los Festejos Patrios del Instituto Cultural de Le\u00f3n"},"content":{"rendered":"<div class=\"wpb-content-wrapper\"><div data-parent=\"true\" class=\"vc_row row-container\" id=\"row-unique-0\"><div class=\"row double-top-padding no-bottom-padding single-h-padding limit-width row-parent\"><div class=\"wpb_row row-inner\"><div class=\"wpb_column pos-top pos-center align_left column_parent col-lg-6 single-internal-gutter\"><div class=\"uncol style-light\"  ><div class=\"uncoltable\"><div class=\"uncell no-block-padding\" ><div class=\"uncont\" ><div class=\"uncode-single-media  text-left\"><div class=\"single-wrapper\" style=\"max-width: 100%;\"><div class=\"tmb tmb-light  tmb-media-first tmb-media-last tmb-content-overlay tmb-no-bg\"><div class=\"t-inside\"><div class=\"t-entry-visual\"><div class=\"t-entry-visual-tc\"><div class=\"uncode-single-media-wrapper\"><img decoding=\"async\" class=\"wp-image-110597\" src=\"https:\/\/leon-mexico.com\/wp-content\/uploads\/2022\/08\/expiatorio-3.jpg\" width=\"920\" height=\"881\" alt=\"Templo Expiatorio del Sagrado Coraz&oacute;n de Jes&uacute;s\" srcset=\"https:\/\/leon-mexico.com\/wp-content\/uploads\/2022\/08\/expiatorio-3.jpg 920w, https:\/\/leon-mexico.com\/wp-content\/uploads\/2022\/08\/expiatorio-3-300x287.jpg 300w, https:\/\/leon-mexico.com\/wp-content\/uploads\/2022\/08\/expiatorio-3-150x144.jpg 150w, https:\/\/leon-mexico.com\/wp-content\/uploads\/2022\/08\/expiatorio-3-768x735.jpg 768w\" sizes=\"(max-width: 920px) 100vw, 920px\" \/><\/div>\n\t\t\t\t\t<\/div>\n\t\t\t\t<\/div><\/div><\/div><\/div><\/div><\/div><\/div><\/div><\/div><\/div><div class=\"wpb_column pos-middle pos-center align_center column_parent col-lg-6 no-internal-gutter\"><div class=\"uncol style-light\"  ><div class=\"uncoltable\"><div class=\"uncell no-block-padding\" ><div class=\"uncont\" ><div class=\"vc_custom_heading_wrap\"><div class=\"heading-text el-text\" ><h5 class=\"\" ><span>Un Mes de Celebraciones Culturales<\/span><\/h5><\/div><div class=\"clear\"><\/div><\/div><div class=\"empty-space empty-single\" ><span class=\"empty-space-inner\"><\/span><\/div>\n<div class=\"uncode_text_column\" ><\/p>\n<p style=\"text-align: justify;\">La agenda de actividades comienza con la 41\u00b0 Muestra de Danza Folcl\u00f3rica en la Plaza Expiatorio, desde el jueves 3 hasta el domingo 6 de septiembre.<\/p>\n<p style=\"text-align: justify;\">Este evento gratuito presenta una oportunidad \u00fanica para disfrutar de las ricas tradiciones danc\u00edsticas de M\u00e9xico, con participaciones especiales de grupos folcl\u00f3ricos que representan la diversidad y el colorido del folclore nacional.<\/p>\n<p style=\"text-align: justify;\"><strong>M\u00fasica y Aprendizaje<\/strong><\/p>\n<p style=\"text-align: justify;\">El viernes 4 de septiembre, la Sinfonietta MIQ deleitar\u00e1 al p\u00fablico con el concierto &#8220;Ra\u00edces&#8221; en la Escuela de M\u00fasica de Le\u00f3n, explorando las profundas ra\u00edces musicales de M\u00e9xico a trav\u00e9s de una orquesta vibrante. Adem\u00e1s, el s\u00e1bado 5 de septiembre, Isabel Marzola impartir\u00e1 el taller &#8220;Unidos por la cumbia: De Colombia a M\u00e9xico&#8221; en el Centro Cultural Tlen Touaxca, ofreciendo una fusi\u00f3n cultural en forma de danza.<\/p>\n<p>\n<\/div><\/div><\/div><\/div><\/div><\/div><script id=\"script-row-unique-0\" data-row=\"script-row-unique-0\" type=\"text\/javascript\" class=\"vc_controls\">UNCODE.initRow(document.getElementById(\"row-unique-0\"));<\/script><\/div><\/div><\/div><div data-parent=\"true\" class=\"vc_row row-container\" id=\"row-unique-1\"><div class=\"row double-top-padding no-bottom-padding single-h-padding limit-width row-parent\"><div class=\"wpb_row row-inner\"><div class=\"wpb_column pos-top pos-center align_left column_parent col-lg-6 half-internal-gutter\"><div class=\"uncol style-light\"  ><div class=\"uncoltable\"><div class=\"uncell no-block-padding\" ><div class=\"uncont\" ><div class=\"uncode_text_column\" ><\/p>\n<p style=\"text-align: justify;\"><strong>Charlas y Talleres<\/strong><\/p>\n<p style=\"text-align: justify;\">El mi\u00e9rcoles 9 de septiembre, el Centro Cultural Tlen Touaxca ser\u00e1 sede de una charla sobre la &#8220;Corporalidad, vestuario y sonidos de la danza del venado y pascolas&#8221;, seguido de un taller sobre &#8220;Nuevas T\u00e9cnicas aplicadas a la danza folcl\u00f3rica&#8221;. Estos eventos no solo educan sino que tambi\u00e9n conectan a los participantes con las tradiciones ancestrales de la danza mexicana.<\/p>\n<p style=\"text-align: justify;\"><strong>Conciertos y Celebraciones<\/strong><\/p>\n<p style=\"text-align: justify;\">La m\u00fasica contin\u00faa siendo una parte central de las festividades, con conciertos programados en varios d\u00edas del mes. Destacan las &#8220;Noches de Concierto en la Casa Luis Long&#8221; con la Orquesta T\u00edpica de Le\u00f3n y el grupo Oasis en el Teatro Mar\u00eda Grever, ofreciendo una gama de melod\u00edas que celebran la cultura mexicana.<\/p>\n<p>\n<\/div><\/div><\/div><\/div><\/div><\/div><div class=\"wpb_column pos-top pos-center align_left column_parent col-lg-6 single-internal-gutter\"><div class=\"uncol style-light\"  ><div class=\"uncoltable\"><div class=\"uncell no-block-padding\" ><div class=\"uncont\" ><div class=\"uncode-single-media  text-left\"><div class=\"single-wrapper\" style=\"max-width: 100%;\"><div class=\"tmb tmb-light  tmb-media-first tmb-media-last tmb-content-overlay tmb-no-bg\"><div class=\"t-inside\"><div class=\"t-entry-visual\"><div class=\"t-entry-visual-tc\"><div class=\"uncode-single-media-wrapper\"><img decoding=\"async\" class=\"wp-image-181980\" src=\"https:\/\/leon-mexico.com\/wp-content\/uploads\/2026\/09\/Noches-de-concierto-Luis-Long.jpg\" width=\"1800\" height=\"1200\" alt=\"Concierto en vivo en el Instituto Cultural de Le&oacute;n, m&uacute;sica en un ambiente cultural y tradicional mexicano.\" srcset=\"https:\/\/leon-mexico.com\/wp-content\/uploads\/2026\/09\/Noches-de-concierto-Luis-Long.jpg 1800w, https:\/\/leon-mexico.com\/wp-content\/uploads\/2026\/09\/Noches-de-concierto-Luis-Long-768x512.jpg 768w, https:\/\/leon-mexico.com\/wp-content\/uploads\/2026\/09\/Noches-de-concierto-Luis-Long-391x260.jpg 391w, https:\/\/leon-mexico.com\/wp-content\/uploads\/2026\/09\/Noches-de-concierto-Luis-Long-1536x1024.jpg 1536w, https:\/\/leon-mexico.com\/wp-content\/uploads\/2026\/09\/Noches-de-concierto-Luis-Long-18x12.jpg 18w, https:\/\/leon-mexico.com\/wp-content\/uploads\/2026\/09\/Noches-de-concierto-Luis-Long-350x233.jpg 350w, https:\/\/leon-mexico.com\/wp-content\/uploads\/2026\/09\/Noches-de-concierto-Luis-Long-1320x880.jpg 1320w\" sizes=\"(max-width: 1800px) 100vw, 1800px\" \/><\/div>\n\t\t\t\t\t<\/div>\n\t\t\t\t<\/div><\/div><\/div><\/div><\/div><\/div><\/div><\/div><\/div><\/div><script id=\"script-row-unique-1\" data-row=\"script-row-unique-1\" type=\"text\/javascript\" class=\"vc_controls\">UNCODE.initRow(document.getElementById(\"row-unique-1\"));<\/script><\/div><\/div><\/div><div data-parent=\"true\" class=\"vc_row row-container\" id=\"row-unique-2\"><div class=\"row limit-width row-parent\"><div class=\"wpb_row row-inner\"><div class=\"wpb_column pos-top pos-center align_left column_parent col-lg-6 single-internal-gutter\"><div class=\"uncol style-light\"  ><div class=\"uncoltable\"><div class=\"uncell no-block-padding\" ><div class=\"uncont\" ><div class=\"uncode-single-media  text-left\"><div class=\"single-wrapper\" style=\"max-width: 100%;\"><div class=\"tmb tmb-light  tmb-media-first tmb-media-last tmb-content-overlay tmb-no-bg\"><div class=\"t-inside\"><div class=\"t-entry-visual\"><div class=\"t-entry-visual-tc\"><div class=\"uncode-single-media-wrapper\"><img decoding=\"async\" class=\"wp-image-181975\" src=\"https:\/\/leon-mexico.com\/wp-content\/uploads\/2026\/09\/Blog-ICL-Fiestas-Patrias26-2.jpg\" width=\"1024\" height=\"1024\" alt=\"Colorido desfile con pi&ntilde;ata de le&oacute;n y banderas mexicanas en Le&oacute;n, Guanajuato, durante festividades patrias.\" srcset=\"https:\/\/leon-mexico.com\/wp-content\/uploads\/2026\/09\/Blog-ICL-Fiestas-Patrias26-2.jpg 1024w, https:\/\/leon-mexico.com\/wp-content\/uploads\/2026\/09\/Blog-ICL-Fiestas-Patrias26-2-768x768.jpg 768w, https:\/\/leon-mexico.com\/wp-content\/uploads\/2026\/09\/Blog-ICL-Fiestas-Patrias26-2-300x300.jpg 300w, https:\/\/leon-mexico.com\/wp-content\/uploads\/2026\/09\/Blog-ICL-Fiestas-Patrias26-2-500x500.jpg 500w, https:\/\/leon-mexico.com\/wp-content\/uploads\/2026\/09\/Blog-ICL-Fiestas-Patrias26-2-12x12.jpg 12w, https:\/\/leon-mexico.com\/wp-content\/uploads\/2026\/09\/Blog-ICL-Fiestas-Patrias26-2-350x350.jpg 350w, https:\/\/leon-mexico.com\/wp-content\/uploads\/2026\/09\/Blog-ICL-Fiestas-Patrias26-2-348x348.jpg 348w\" sizes=\"(max-width: 1024px) 100vw, 1024px\" \/><\/div>\n\t\t\t\t\t<\/div>\n\t\t\t\t<\/div><\/div><\/div><\/div><\/div><\/div><\/div><\/div><\/div><\/div><div class=\"wpb_column pos-top pos-center align_left column_parent col-lg-6 single-internal-gutter\"><div class=\"uncol style-light\"  ><div class=\"uncoltable\"><div class=\"uncell no-block-padding\" ><div class=\"uncont\" ><div class=\"vc_custom_heading_wrap\"><div class=\"heading-text el-text\" ><h5 class=\"\" ><span>Celebraci\u00f3n del Esp\u00edritu Mexicano<br \/><\/span><\/h5><\/div><div class=\"clear\"><\/div><\/div><div class=\"uncode_text_column\" ><\/p>\n<p style=\"text-align: justify;\">El cierre de los festejos patrios ser\u00e1 el mi\u00e9rcoles 23 de septiembre con la &#8220;Verbena patria de Territorios Culturales del ICL&#8221;, un evento que encapsula el esp\u00edritu festivo y comunitario de Le\u00f3n. Este ser\u00e1 un d\u00eda para disfrutar en familia, celebrando la rica herencia cultural de M\u00e9xico.<\/p>\n<p>\n<\/div><div class=\"vc_custom_heading_wrap\"><div class=\"heading-text el-text\" ><h5 class=\"\" ><span>Actividades para Todos<\/span><\/h5><\/div><div class=\"clear\"><\/div><\/div><div class=\"uncode_text_column\" ><\/p>\n<p style=\"text-align: justify;\">Adem\u00e1s de la m\u00fasica y la danza, el Instituto Cultural de Le\u00f3n ha organizado eventos que incluyen lucha libre, proyecciones de documentales y recorridos dramatizados en el Museo de Identidades Leonesas. Estas actividades est\u00e1n dise\u00f1adas para ofrecer entretenimiento y educaci\u00f3n para todas las edades y gustos.<\/p>\n<p>\n<\/div><\/div><\/div><\/div><\/div><\/div><script id=\"script-row-unique-2\" data-row=\"script-row-unique-2\" type=\"text\/javascript\" class=\"vc_controls\">UNCODE.initRow(document.getElementById(\"row-unique-2\"));<\/script><\/div><\/div><\/div><div data-parent=\"true\" class=\"vc_row row-container\" id=\"row-unique-3\"><div class=\"row double-top-padding no-bottom-padding single-h-padding limit-width row-parent\"><div class=\"wpb_row row-inner\"><div class=\"wpb_column pos-middle pos-center align_left column_parent col-lg-12 half-internal-gutter\"><div class=\"uncol style-light\"  ><div class=\"uncoltable\"><div class=\"uncell no-block-padding\" ><div class=\"uncont\" ><div class=\"vc_custom_heading_wrap\"><div class=\"heading-text el-text\" ><h5 class=\"\" ><span>Le\u00f3n invita a todos a participar en estas celebraciones<\/span><\/h5><\/div><div class=\"clear\"><\/div><\/div><div class=\"uncode_text_column\" ><\/p>\n<p style=\"text-align: justify;\">Donde la cultura, la historia y la comunidad se encuentran para conmemorar la naci\u00f3n. Trae tu familia, invita a tus amigos y \u00fanete a la vibrante comunidad de Le\u00f3n en este emocionante mes de festividades patrias. \u00a1Viva Le\u00f3n, viva M\u00e9xico!<\/p>\n<p style=\"text-align: justify;\">Para conocer el programa completo de las actividades del Instituto Cultural de Le\u00f3n y de la 41\u00b0 Muestra de Danza Folcl\u00f3rica, te invitamos a hacer clic en los siguientes enlaces:<\/p>\n<p style=\"text-align: justify;\"><a href=\"https:\/\/culturaleon.com\/evento\/festejos-patrios-en-el-icl-viva-leon-viva-mexico\" target=\"_blank\" rel=\"noopener\">Festejos patrios en el ICL. \u00a1Viva Le\u00f3n, viva M\u00e9xico!<\/a><\/p>\n<p style=\"text-align: justify;\"><a href=\"https:\/\/culturaleon.com\/evento\/41-muestra-de-danza-folclorica-del-icl\" target=\"_blank\" rel=\"noopener\">Programa completo de la 41\u00b0 Muestra de Danza Folcl\u00f3rica<\/a><\/p>\n<p>\n<\/div><\/div><\/div><\/div><\/div><\/div><script id=\"script-row-unique-3\" data-row=\"script-row-unique-3\" type=\"text\/javascript\" class=\"vc_controls\">UNCODE.initRow(document.getElementById(\"row-unique-3\"));<\/script><\/div><\/div><\/div><div data-parent=\"true\" class=\"vc_row row-container\" id=\"row-unique-4\"><div class=\"row limit-width row-parent\"><div class=\"wpb_row row-inner\"><div class=\"wpb_column pos-top pos-center align_center column_parent col-lg-12 single-internal-gutter\"><div class=\"uncol style-light\"  ><div class=\"uncoltable\"><div class=\"uncell no-block-padding\" ><div class=\"uncont\" >\n\n<div class=\"divider-wrapper\"  >\n    <hr class=\"unseparator separator-no-padding\"  \/>\n<\/div>\n<div class=\"vc_custom_heading_wrap\"><div class=\"heading-text el-text\" ><h5 class=\"\" ><span>Aseg\u00farate de revisar los programas para no perderte ninguno de los eventos y actividades que Le\u00f3n tiene preparados para ti este mes patrio. \u00a1Esperamos verte y que disfrutes de todo lo que nuestra rica cultura tiene para ofrecer!<\/span><\/h5><\/div><div class=\"clear\"><\/div><\/div><div class=\"uncode-single-media  text-left\"><div class=\"single-wrapper\" style=\"max-width: 100%;\"><div class=\"tmb tmb-light  tmb-media-first tmb-media-last tmb-content-overlay tmb-no-bg\"><div class=\"t-inside\"><div class=\"t-entry-visual\"><div class=\"t-entry-visual-tc\"><div class=\"uncode-single-media-wrapper\"><img decoding=\"async\" class=\"wp-image-181972\" src=\"https:\/\/leon-mexico.com\/wp-content\/uploads\/2026\/09\/Pinata-Fiestas-patrias-2026.png\" width=\"1200\" height=\"1317\" alt=\"Le&oacute;n: Le&oacute;n: Le&oacute;n: Le&oacute;n: Le&oacute;n: Le&oacute;n: Le&oacute;n: Le&oacute;n: Le&oacute;n: Le&oacute;n: Le&oacute;n: Le&oacute;n: Le&oacute;n: Le&oacute;n: Le&oacute;n: Le&oacute;n: Le&oacute;n: Le&oacute;n: Le&oacute;n: Le&oacute;n:.\" srcset=\"https:\/\/leon-mexico.com\/wp-content\/uploads\/2026\/09\/Pinata-Fiestas-patrias-2026.png 1200w, https:\/\/leon-mexico.com\/wp-content\/uploads\/2026\/09\/Pinata-Fiestas-patrias-2026-768x843.png 768w, https:\/\/leon-mexico.com\/wp-content\/uploads\/2026\/09\/Pinata-Fiestas-patrias-2026-1400x1536.png 1400w, https:\/\/leon-mexico.com\/wp-content\/uploads\/2026\/09\/Pinata-Fiestas-patrias-2026-11x12.png 11w, https:\/\/leon-mexico.com\/wp-content\/uploads\/2026\/09\/Pinata-Fiestas-patrias-2026-350x384.png 350w, https:\/\/leon-mexico.com\/wp-content\/uploads\/2026\/09\/Pinata-Fiestas-patrias-2026-1320x1448.png 1320w\" sizes=\"(max-width: 1200px) 100vw, 1200px\" \/><\/div>\n\t\t\t\t\t<\/div>\n\t\t\t\t<\/div><\/div><\/div><\/div><\/div><\/div><\/div><\/div><\/div><\/div><script id=\"script-row-unique-4\" data-row=\"script-row-unique-4\" type=\"text\/javascript\" class=\"vc_controls\">UNCODE.initRow(document.getElementById(\"row-unique-4\"));<\/script><\/div><\/div><\/div>\n<\/div>","protected":false},"excerpt":{"rendered":"<p>Este septiembre, Le\u00f3n se viste de fiesta y tradici\u00f3n para celebrar los festejos patrios con una serie de eventos culturales que prometen enriquecer la experiencia de todos los visitantes y residentes. Desde el 3 hasta el 23 de septiembre, el Instituto Cultural de Le\u00f3n, en colaboraci\u00f3n con la Presidencia Municipal, ofrece una programaci\u00f3n diversa que incluye danza, m\u00fasica, talleres y mucho m\u00e1s.<\/p>","protected":false},"author":5,"featured_media":181973,"comment_status":"closed","ping_status":"closed","sticky":false,"template":"","format":"standard","meta":{"rs_blank_template":"","rs_page_bg_color":"","slide_template_v7":"","footnotes":""},"categories":[299],"tags":[],"class_list":["post-181971","post","type-post","status-publish","format-standard","has-post-thumbnail","hentry","category-actividades-en-leon"],"_links":{"self":[{"href":"https:\/\/leon-mexico.com\/en\/wp-json\/wp\/v2\/posts\/181971","targetHints":{"allow":["GET"]}}],"collection":[{"href":"https:\/\/leon-mexico.com\/en\/wp-json\/wp\/v2\/posts"}],"about":[{"href":"https:\/\/leon-mexico.com\/en\/wp-json\/wp\/v2\/types\/post"}],"author":[{"embeddable":true,"href":"https:\/\/leon-mexico.com\/en\/wp-json\/wp\/v2\/users\/5"}],"replies":[{"embeddable":true,"href":"https:\/\/leon-mexico.com\/en\/wp-json\/wp\/v2\/comments?post=181971"}],"version-history":[{"count":0,"href":"https:\/\/leon-mexico.com\/en\/wp-json\/wp\/v2\/posts\/181971\/revisions"}],"wp:featuredmedia":[{"embeddable":true,"href":"https:\/\/leon-mexico.com\/en\/wp-json\/wp\/v2\/media\/181973"}],"wp:attachment":[{"href":"https:\/\/leon-mexico.com\/en\/wp-json\/wp\/v2\/media?parent=181971"}],"wp:term":[{"taxonomy":"category","embeddable":true,"href":"https:\/\/leon-mexico.com\/en\/wp-json\/wp\/v2\/categories?post=181971"},{"taxonomy":"post_tag","embeddable":true,"href":"https:\/\/leon-mexico.com\/en\/wp-json\/wp\/v2\/tags?post=181971"}],"curies":[{"name":"wp","href":"https:\/\/api.w.org\/{rel}","templated":true}]}}