{"id":181960,"date":"2026-09-01T11:54:35","date_gmt":"2026-09-01T17:54:35","guid":{"rendered":"https:\/\/leon-mexico.com\/?p=181960"},"modified":"2026-09-01T11:57:28","modified_gmt":"2026-09-01T17:57:28","slug":"viva-mexico-en-leon-descubre-todo-lo-que-puedes-disfrutar-durante-las-fiestas-patrias","status":"publish","type":"post","link":"https:\/\/leon-mexico.com\/en\/noticias\/viva-mexico-en-leon-descubre-todo-lo-que-puedes-disfrutar-durante-las-fiestas-patrias\/","title":{"rendered":"\u00a1Viva M\u00e9xico en Le\u00f3n! Descubre todo lo que puedes disfrutar durante las Fiestas Patrias"},"content":{"rendered":"<div class=\"wpb-content-wrapper\"><div data-parent=\"true\" class=\"vc_row row-container\" id=\"row-unique-0\"><div class=\"row col-no-gutter single-top-padding single-bottom-padding single-h-padding limit-width row-parent\"><div class=\"wpb_row row-inner\"><div class=\"wpb_column pos-top pos-center align_left column_parent col-lg-12 single-internal-gutter\"><div class=\"uncol style-light\"  ><div class=\"uncoltable\"><div class=\"uncell no-block-padding\" ><div class=\"uncont\" ><div class=\"uncode_text_column\" ><\/p>\n<p style=\"text-align: justify;\">Este a\u00f1o, la celebraci\u00f3n contempla 38 actividades gratuitas, adem\u00e1s de decoraci\u00f3n patria en distintos puntos de la ciudad. Los festejos comenzaron el 21 de agosto y se extender\u00e1n hasta el 23 de septiembre, por lo que habr\u00e1 muchas oportunidades para descubrir Le\u00f3n durante tu visita.<\/p>\n<p style=\"text-align: justify;\"><strong>Oaxaca llega a Le\u00f3n con su riqueza cultural<\/strong><\/p>\n<p style=\"text-align: justify;\">Uno de los atractivos especiales de esta celebraci\u00f3n ser\u00e1 la participaci\u00f3n de Oaxaca como estado invitado, que traer\u00e1 a la ciudad una muestra de sus tradiciones, artesan\u00edas y expresiones culturales.<\/p>\n<p style=\"text-align: justify;\">La Expo Oaxaca ya forma parte de la programaci\u00f3n y tendr\u00e1 como complemento uno de los encuentros culturales m\u00e1s representativos del estado: La Guelaguetza, que llegar\u00e1 a Le\u00f3n los d\u00edas 5 y 6 de septiembre.<\/p>\n<p style=\"text-align: justify;\">La presencia de Oaxaca convierte las fiestas patrias en una oportunidad para conocer y disfrutar la diversidad cultural de M\u00e9xico sin salir de Le\u00f3n.<\/p>\n<p style=\"text-align: justify;\"><strong>M\u00fasica y danza para celebrar septiembre<\/strong><\/p>\n<p style=\"text-align: justify;\">La tradici\u00f3n tambi\u00e9n llegar\u00e1 a los escenarios de la ciudad.<\/p>\n<p style=\"text-align: justify;\">Del 3 al 6 de septiembre, la Plaza Expiatorio ser\u00e1 sede de la 41.\u00aa Muestra de Danza Folcl\u00f3rica, donde diferentes expresiones de la danza tradicional formar\u00e1n parte de la celebraci\u00f3n.<\/p>\n<p style=\"text-align: justify;\">El 4 de septiembre, la programaci\u00f3n continuar\u00e1 con \u201cRa\u00edces\u201d, una propuesta musical que reunir\u00e1 al director Juan Trigos con la Escuela de M\u00fasica de Le\u00f3n.<\/p>\n<p style=\"text-align: justify;\">Y la agenda cultural seguir\u00e1 durante los siguientes d\u00edas. El 14 de septiembre, el Teatro Manuel Doblado celebrar\u00e1 su 146.\u00ba aniversario con la participaci\u00f3n de la Banda Municipal de Le\u00f3n y la presentaci\u00f3n de Mar\u00eda Grever: Eternamente.<\/p>\n<p style=\"text-align: justify;\">Adem\u00e1s, el 19 de septiembre llegar\u00e1 por primera vez a Le\u00f3n la obra Las Fridas, tambi\u00e9n en el Teatro Manuel Doblado, sumando una propuesta teatral a la celebraci\u00f3n.<\/p>\n<p style=\"text-align: justify;\"><strong>La gran noche mexicana ser\u00e1 el 15 de septiembre<\/strong><\/p>\n<p style=\"text-align: justify;\">Si quieres vivir una noche llena de ambiente mexicano, el 15 de septiembre ser\u00e1 una de las fechas principales para visitar Le\u00f3n.<\/p>\n<p style=\"text-align: justify;\">La ciudad recibir\u00e1 una celebraci\u00f3n con banda, m\u00fasica norte\u00f1a y mariachi, que acompa\u00f1ar\u00e1 la tradicional ceremonia del Grito de Independencia.<\/p>\n<p style=\"text-align: justify;\">Uno de los momentos m\u00e1s esperados ser\u00e1 la presentaci\u00f3n de Alicia Villarreal, quien ser\u00e1 la artista invitada de la noche y se presentar\u00e1 ante el p\u00fablico reunido en el Palacio Municipal.<\/p>\n<p style=\"text-align: justify;\">Pero la m\u00fasica no ser\u00e1 el \u00fanico espect\u00e1culo. El cielo de Le\u00f3n tambi\u00e9n formar\u00e1 parte de la celebraci\u00f3n con un show de m\u00e1s de 350 drones, dise\u00f1ado para disfrutarse desde distintos puntos de la ciudad.<\/p>\n<p style=\"text-align: justify;\">Adem\u00e1s, la celebraci\u00f3n contempla 425 sedes distribuidas en el municipio, con una expectativa de convivencia para m\u00e1s de 45 mil personas y la participaci\u00f3n de m\u00e1s de 450 comerciantes de antojitos y productos patrios.<\/p>\n<p style=\"text-align: justify;\">As\u00ed que, si est\u00e1s pensando en viajar a Le\u00f3n para celebrar el 15 de septiembre, tendr\u00e1s la oportunidad de combinar la fiesta mexicana con gastronom\u00eda, m\u00fasica y un recorrido por los espacios m\u00e1s emblem\u00e1ticos de la ciudad.<\/p>\n<p style=\"text-align: justify;\"><strong>El 16 de septiembre contin\u00faa la celebraci\u00f3n<\/strong><\/p>\n<p style=\"text-align: justify;\">La fiesta no termina con el Grito.<\/p>\n<p style=\"text-align: justify;\">El 16 de septiembre, Le\u00f3n ser\u00e1 escenario del Desfile C\u00edvico Militar 450, que recorrer\u00e1 las calles de la ciudad con la participaci\u00f3n de m\u00e1s de 2 mil personas, m\u00e1s de 100 veh\u00edculos motorizados y 61 caballos.<\/p>\n<p style=\"text-align: justify;\">El desfile reunir\u00e1 contingentes de instituciones, asociaciones civiles, instituciones educativas y charros, creando un recorrido que permitir\u00e1 disfrutar de diferentes expresiones de la identidad mexicana.<\/p>\n<p style=\"text-align: justify;\"><strong>Una celebraci\u00f3n para disfrutar Le\u00f3n<\/strong><\/p>\n<p style=\"text-align: justify;\">Las Fiestas Patrias son tambi\u00e9n una buena oportunidad para recorrer el Centro Hist\u00f3rico, conocer sus espacios culturales, disfrutar de la gastronom\u00eda local y descubrir el ambiente que se vive en la ciudad durante septiembre.<\/p>\n<p style=\"text-align: justify;\">Para esta temporada se ha preparado un operativo especial con alrededor de 1,800 elementos de diferentes \u00e1reas de seguridad y atenci\u00f3n, adem\u00e1s de acciones coordinadas para las zonas donde se concentrar\u00e1 el mayor n\u00famero de visitantes.<\/p>\n<p style=\"text-align: justify;\">As\u00ed que prepara tu visita, ponte los colores de M\u00e9xico y d\u00e9jate llevar por el ambiente festivo de una ciudad que durante septiembre celebra sus tradiciones con m\u00fasica, cultura y orgullo.<\/p>\n<p style=\"text-align: justify;\">Si est\u00e1s buscando un destino para vivir las Fiestas Patrias, Le\u00f3n te espera con una agenda para disfrutar en familia, con amigos o en pareja.<\/p>\n<p style=\"text-align: justify;\">\ud83c\uddf2\ud83c\uddfd Ven a celebrar septiembre, descubre sus tradiciones y vive Le\u00f3n.<\/p>\n<p style=\"text-align: justify;\">Le\u00f3n, donde la historia deja huella y las experiencias te invitan a regresar.<\/p>\n<p>\n<\/div><\/div><\/div><\/div><\/div><\/div><script id=\"script-row-unique-0\" data-row=\"script-row-unique-0\" type=\"text\/javascript\" class=\"vc_controls\">UNCODE.initRow(document.getElementById(\"row-unique-0\"));<\/script><\/div><\/div><\/div><div data-parent=\"true\" class=\"vc_row row-container\" id=\"row-unique-1\"><div class=\"row limit-width row-parent\"><div class=\"wpb_row row-inner\"><div class=\"wpb_column pos-top pos-center align_left column_parent col-lg-12 single-internal-gutter\"><div class=\"uncol style-light\"  ><div class=\"uncoltable\"><div class=\"uncell no-block-padding\" ><div class=\"uncont\" ><div id=\"gallery-755392\" class=\"un-media-gallery isotope-system isotope-general-light grid-general-light\">\n\t\t\t\t\t\n\t\n\t<div class=\"isotope-wrapper grid-wrapper single-gutter\" >\n\t\t\t\t\t\t\t\t\t<div class=\"isotope-container isotope-layout style-masonry\" data-type=\"masonry\" data-layout=\"masonry\" data-lg=\"1000\" data-md=\"600\" data-sm=\"480\">\n<div class=\"tmb tmb-iso-w4 tmb-iso-h4 tmb-light tmb-overlay-text-anim tmb-overlay-anim tmb-overlay-middle tmb-overlay-text-left tmb-image-anim tmb-bordered tmb-id-181961  tmb-media-first tmb-media-last tmb-content-overlay tmb-no-bg tmb-lightbox\" ><div class=\"t-inside no-anim\" ><div class=\"t-entry-visual\"><div class=\"t-entry-visual-tc\"><div class=\"t-entry-visual-cont\"><div class=\"dummy\" style=\"padding-top: 133.3%;\"><\/div><a href=\"https:\/\/leon-mexico.com\/wp-content\/uploads\/2026\/09\/Prensa-Fiestas-Patrias-26-1.png.jpeg\"  class=\"pushed\" data-active=\"1\" data-lbox=\"ilightbox_gallery-755392\" data-external-thumb-image=\"https:\/\/leon-mexico.com\/wp-content\/uploads\/2026\/09\/Prensa-Fiestas-Patrias-26-1.png.jpeg\" data-lg-size=\"1200-1600\" data-lb-index=\"0\"><div class=\"t-entry-visual-overlay\"><div class=\"t-entry-visual-overlay-in style-dark-bg\" style=\"opacity: 0.5;\"><\/div><\/div><img decoding=\"async\" class=\"wp-image-181961\" src=\"https:\/\/leon-mexico.com\/wp-content\/uploads\/2026\/09\/Prensa-Fiestas-Patrias-26-1.png.jpeg\" width=\"1200\" height=\"1600\" alt=\"Personas en evento cultural en Le\u00f3n, Guanajuato, M\u00e9xico, con tem\u00e1tica de Fiestas Patrias y decoraci\u00f3n mexicana.\" srcset=\"https:\/\/leon-mexico.com\/wp-content\/uploads\/2026\/09\/Prensa-Fiestas-Patrias-26-1.png.jpeg 1200w, https:\/\/leon-mexico.com\/wp-content\/uploads\/2026\/09\/Prensa-Fiestas-Patrias-26-1.png-768x1024.jpeg 768w, https:\/\/leon-mexico.com\/wp-content\/uploads\/2026\/09\/Prensa-Fiestas-Patrias-26-1.png-300x400.jpeg 300w, https:\/\/leon-mexico.com\/wp-content\/uploads\/2026\/09\/Prensa-Fiestas-Patrias-26-1.png-1152x1536.jpeg 1152w, https:\/\/leon-mexico.com\/wp-content\/uploads\/2026\/09\/Prensa-Fiestas-Patrias-26-1.png-1536x2048.jpeg 1536w, https:\/\/leon-mexico.com\/wp-content\/uploads\/2026\/09\/Prensa-Fiestas-Patrias-26-1.png-9x12.jpeg 9w, https:\/\/leon-mexico.com\/wp-content\/uploads\/2026\/09\/Prensa-Fiestas-Patrias-26-1.png-350x467.jpeg 350w, https:\/\/leon-mexico.com\/wp-content\/uploads\/2026\/09\/Prensa-Fiestas-Patrias-26-1.png-1320x1760.jpeg 1320w\" sizes=\"(max-width: 1200px) 100vw, 1200px\" \/><\/a><\/div>\n\t\t\t\t\t<\/div>\n\t\t\t\t<\/div><\/div><\/div><div class=\"tmb tmb-iso-w4 tmb-iso-h4 tmb-light tmb-overlay-text-anim tmb-overlay-anim tmb-overlay-middle tmb-overlay-text-left tmb-image-anim tmb-bordered tmb-id-181963  tmb-media-first tmb-media-last tmb-content-overlay tmb-no-bg tmb-lightbox\" ><div class=\"t-inside no-anim\" ><div class=\"t-entry-visual\"><div class=\"t-entry-visual-tc\"><div class=\"t-entry-visual-cont\"><div class=\"dummy\" style=\"padding-top: 133.3%;\"><\/div><a href=\"https:\/\/leon-mexico.com\/wp-content\/uploads\/2026\/09\/Prensa-Fiestas-Patrias-26-3.png.jpeg\"  class=\"pushed\" data-active=\"1\" data-lbox=\"ilightbox_gallery-755392\" data-external-thumb-image=\"https:\/\/leon-mexico.com\/wp-content\/uploads\/2026\/09\/Prensa-Fiestas-Patrias-26-3.png.jpeg\" data-lg-size=\"1200-1600\" data-lb-index=\"1\"><div class=\"t-entry-visual-overlay\"><div class=\"t-entry-visual-overlay-in style-dark-bg\" style=\"opacity: 0.5;\"><\/div><\/div><img decoding=\"async\" class=\"wp-image-181963\" src=\"https:\/\/leon-mexico.com\/wp-content\/uploads\/2026\/09\/Prensa-Fiestas-Patrias-26-3.png.jpeg\" width=\"1200\" height=\"1600\" alt=\"Grupo de personas en evento cultural con banderas mexicanas y artesan\u00edas tradicionales en Le\u00f3n, Guanajuato.\" srcset=\"https:\/\/leon-mexico.com\/wp-content\/uploads\/2026\/09\/Prensa-Fiestas-Patrias-26-3.png.jpeg 1200w, https:\/\/leon-mexico.com\/wp-content\/uploads\/2026\/09\/Prensa-Fiestas-Patrias-26-3.png-768x1024.jpeg 768w, https:\/\/leon-mexico.com\/wp-content\/uploads\/2026\/09\/Prensa-Fiestas-Patrias-26-3.png-300x400.jpeg 300w, https:\/\/leon-mexico.com\/wp-content\/uploads\/2026\/09\/Prensa-Fiestas-Patrias-26-3.png-1152x1536.jpeg 1152w, https:\/\/leon-mexico.com\/wp-content\/uploads\/2026\/09\/Prensa-Fiestas-Patrias-26-3.png-1536x2048.jpeg 1536w, https:\/\/leon-mexico.com\/wp-content\/uploads\/2026\/09\/Prensa-Fiestas-Patrias-26-3.png-9x12.jpeg 9w, https:\/\/leon-mexico.com\/wp-content\/uploads\/2026\/09\/Prensa-Fiestas-Patrias-26-3.png-350x467.jpeg 350w, https:\/\/leon-mexico.com\/wp-content\/uploads\/2026\/09\/Prensa-Fiestas-Patrias-26-3.png-1320x1760.jpeg 1320w\" sizes=\"(max-width: 1200px) 100vw, 1200px\" \/><\/a><\/div>\n\t\t\t\t\t<\/div>\n\t\t\t\t<\/div><\/div><\/div><div class=\"tmb tmb-iso-w4 tmb-iso-h4 tmb-light tmb-overlay-text-anim tmb-overlay-anim tmb-overlay-middle tmb-overlay-text-left tmb-image-anim tmb-bordered tmb-id-181964  tmb-media-first tmb-media-last tmb-content-overlay tmb-no-bg tmb-lightbox\" ><div class=\"t-inside no-anim\" ><div class=\"t-entry-visual\"><div class=\"t-entry-visual-tc\"><div class=\"t-entry-visual-cont\"><div class=\"dummy\" style=\"padding-top: 132.8%;\"><\/div><a href=\"https:\/\/leon-mexico.com\/wp-content\/uploads\/2026\/09\/Prensa-Fiestas-Patrias-26-4.png.jpeg\"  class=\"pushed\" data-active=\"1\" data-lbox=\"ilightbox_gallery-755392\" data-external-thumb-image=\"https:\/\/leon-mexico.com\/wp-content\/uploads\/2026\/09\/Prensa-Fiestas-Patrias-26-4.png.jpeg\" data-lg-size=\"1200-1593\" data-lb-index=\"2\"><div class=\"t-entry-visual-overlay\"><div class=\"t-entry-visual-overlay-in style-dark-bg\" style=\"opacity: 0.5;\"><\/div><\/div><img decoding=\"async\" class=\"wp-image-181964\" src=\"https:\/\/leon-mexico.com\/wp-content\/uploads\/2026\/09\/Prensa-Fiestas-Patrias-26-4.png.jpeg\" width=\"1200\" height=\"1593\" alt=\"Mujer con blazer rojo hablando en evento en Le\u00f3n, Guanajuato, M\u00e9xico, con micr\u00f3fono y fondo rojo.\" srcset=\"https:\/\/leon-mexico.com\/wp-content\/uploads\/2026\/09\/Prensa-Fiestas-Patrias-26-4.png.jpeg 1200w, https:\/\/leon-mexico.com\/wp-content\/uploads\/2026\/09\/Prensa-Fiestas-Patrias-26-4.png-768x1019.jpeg 768w, https:\/\/leon-mexico.com\/wp-content\/uploads\/2026\/09\/Prensa-Fiestas-Patrias-26-4.png-1157x1536.jpeg 1157w, https:\/\/leon-mexico.com\/wp-content\/uploads\/2026\/09\/Prensa-Fiestas-Patrias-26-4.png-1543x2048.jpeg 1543w, https:\/\/leon-mexico.com\/wp-content\/uploads\/2026\/09\/Prensa-Fiestas-Patrias-26-4.png-9x12.jpeg 9w, https:\/\/leon-mexico.com\/wp-content\/uploads\/2026\/09\/Prensa-Fiestas-Patrias-26-4.png-350x465.jpeg 350w, https:\/\/leon-mexico.com\/wp-content\/uploads\/2026\/09\/Prensa-Fiestas-Patrias-26-4.png-1320x1752.jpeg 1320w\" sizes=\"(max-width: 1200px) 100vw, 1200px\" \/><\/a><\/div>\n\t\t\t\t\t<\/div>\n\t\t\t\t<\/div><\/div><\/div><div class=\"tmb tmb-iso-w4 tmb-iso-h4 tmb-light tmb-overlay-text-anim tmb-overlay-anim tmb-overlay-middle tmb-overlay-text-left tmb-image-anim tmb-bordered tmb-id-181965  tmb-media-first tmb-media-last tmb-content-overlay tmb-no-bg tmb-lightbox\" ><div class=\"t-inside no-anim\" ><div class=\"t-entry-visual\"><div class=\"t-entry-visual-tc\"><div class=\"t-entry-visual-cont\"><div class=\"dummy\" style=\"padding-top: 133.3%;\"><\/div><a href=\"https:\/\/leon-mexico.com\/wp-content\/uploads\/2026\/09\/Prensa-Fiestas-Patrias-26-5.png.jpeg\"  class=\"pushed\" data-active=\"1\" data-lbox=\"ilightbox_gallery-755392\" data-external-thumb-image=\"https:\/\/leon-mexico.com\/wp-content\/uploads\/2026\/09\/Prensa-Fiestas-Patrias-26-5.png.jpeg\" data-lg-size=\"1200-1600\" data-lb-index=\"3\"><div class=\"t-entry-visual-overlay\"><div class=\"t-entry-visual-overlay-in style-dark-bg\" style=\"opacity: 0.5;\"><\/div><\/div><img decoding=\"async\" class=\"wp-image-181965\" src=\"https:\/\/leon-mexico.com\/wp-content\/uploads\/2026\/09\/Prensa-Fiestas-Patrias-26-5.png.jpeg\" width=\"1200\" height=\"1600\" alt=\"Celebraci\u00f3n en Le\u00f3n, Guanajuato con s\u00edmbolo del le\u00f3n multicolor y autoridades en evento cultural.\" srcset=\"https:\/\/leon-mexico.com\/wp-content\/uploads\/2026\/09\/Prensa-Fiestas-Patrias-26-5.png.jpeg 1200w, https:\/\/leon-mexico.com\/wp-content\/uploads\/2026\/09\/Prensa-Fiestas-Patrias-26-5.png-768x1024.jpeg 768w, https:\/\/leon-mexico.com\/wp-content\/uploads\/2026\/09\/Prensa-Fiestas-Patrias-26-5.png-300x400.jpeg 300w, https:\/\/leon-mexico.com\/wp-content\/uploads\/2026\/09\/Prensa-Fiestas-Patrias-26-5.png-1152x1536.jpeg 1152w, https:\/\/leon-mexico.com\/wp-content\/uploads\/2026\/09\/Prensa-Fiestas-Patrias-26-5.png-1536x2048.jpeg 1536w, https:\/\/leon-mexico.com\/wp-content\/uploads\/2026\/09\/Prensa-Fiestas-Patrias-26-5.png-9x12.jpeg 9w, https:\/\/leon-mexico.com\/wp-content\/uploads\/2026\/09\/Prensa-Fiestas-Patrias-26-5.png-350x467.jpeg 350w, https:\/\/leon-mexico.com\/wp-content\/uploads\/2026\/09\/Prensa-Fiestas-Patrias-26-5.png-1320x1760.jpeg 1320w\" sizes=\"(max-width: 1200px) 100vw, 1200px\" \/><\/a><\/div>\n\t\t\t\t\t<\/div>\n\t\t\t\t<\/div><\/div><\/div><div class=\"tmb tmb-iso-w4 tmb-iso-h4 tmb-light tmb-overlay-text-anim tmb-overlay-anim tmb-overlay-middle tmb-overlay-text-left tmb-image-anim tmb-bordered tmb-id-181966  tmb-media-first tmb-media-last tmb-content-overlay tmb-no-bg tmb-lightbox\" ><div class=\"t-inside no-anim\" ><div class=\"t-entry-visual\"><div class=\"t-entry-visual-tc\"><div class=\"t-entry-visual-cont\"><div class=\"dummy\" style=\"padding-top: 133.3%;\"><\/div><a href=\"https:\/\/leon-mexico.com\/wp-content\/uploads\/2026\/09\/Prensa-Fiestas-Patrias-26-6.png.jpeg\"  class=\"pushed\" data-active=\"1\" data-lbox=\"ilightbox_gallery-755392\" data-external-thumb-image=\"https:\/\/leon-mexico.com\/wp-content\/uploads\/2026\/09\/Prensa-Fiestas-Patrias-26-6.png.jpeg\" data-lg-size=\"1200-1600\" data-lb-index=\"4\"><div class=\"t-entry-visual-overlay\"><div class=\"t-entry-visual-overlay-in style-dark-bg\" style=\"opacity: 0.5;\"><\/div><\/div><img decoding=\"async\" class=\"wp-image-181966\" src=\"https:\/\/leon-mexico.com\/wp-content\/uploads\/2026\/09\/Prensa-Fiestas-Patrias-26-6.png.jpeg\" width=\"1200\" height=\"1600\" alt=\"Personas en evento en Le\u00f3n, Guanajuato, M\u00e9xico, participando en celebraci\u00f3n cultural y familiar durante las Fiestas Patrias.\" srcset=\"https:\/\/leon-mexico.com\/wp-content\/uploads\/2026\/09\/Prensa-Fiestas-Patrias-26-6.png.jpeg 1200w, https:\/\/leon-mexico.com\/wp-content\/uploads\/2026\/09\/Prensa-Fiestas-Patrias-26-6.png-768x1024.jpeg 768w, https:\/\/leon-mexico.com\/wp-content\/uploads\/2026\/09\/Prensa-Fiestas-Patrias-26-6.png-300x400.jpeg 300w, https:\/\/leon-mexico.com\/wp-content\/uploads\/2026\/09\/Prensa-Fiestas-Patrias-26-6.png-1152x1536.jpeg 1152w, https:\/\/leon-mexico.com\/wp-content\/uploads\/2026\/09\/Prensa-Fiestas-Patrias-26-6.png-1536x2048.jpeg 1536w, https:\/\/leon-mexico.com\/wp-content\/uploads\/2026\/09\/Prensa-Fiestas-Patrias-26-6.png-9x12.jpeg 9w, https:\/\/leon-mexico.com\/wp-content\/uploads\/2026\/09\/Prensa-Fiestas-Patrias-26-6.png-350x467.jpeg 350w, https:\/\/leon-mexico.com\/wp-content\/uploads\/2026\/09\/Prensa-Fiestas-Patrias-26-6.png-1320x1760.jpeg 1320w\" sizes=\"(max-width: 1200px) 100vw, 1200px\" \/><\/a><\/div>\n\t\t\t\t\t<\/div>\n\t\t\t\t<\/div><\/div><\/div><div class=\"tmb tmb-iso-w4 tmb-iso-h4 tmb-light tmb-overlay-text-anim tmb-overlay-anim tmb-overlay-middle tmb-overlay-text-left tmb-image-anim tmb-bordered tmb-id-181967  tmb-media-first tmb-media-last tmb-content-overlay tmb-no-bg tmb-lightbox\" ><div class=\"t-inside no-anim\" ><div class=\"t-entry-visual\"><div class=\"t-entry-visual-tc\"><div class=\"t-entry-visual-cont\"><div class=\"dummy\" style=\"padding-top: 133.3%;\"><\/div><a href=\"https:\/\/leon-mexico.com\/wp-content\/uploads\/2026\/09\/Prensa-Fiestas-Patrias-26-7.png.jpeg\"  class=\"pushed\" data-active=\"1\" data-lbox=\"ilightbox_gallery-755392\" data-external-thumb-image=\"https:\/\/leon-mexico.com\/wp-content\/uploads\/2026\/09\/Prensa-Fiestas-Patrias-26-7.png.jpeg\" data-lg-size=\"1200-1600\" data-lb-index=\"5\"><div class=\"t-entry-visual-overlay\"><div class=\"t-entry-visual-overlay-in style-dark-bg\" style=\"opacity: 0.5;\"><\/div><\/div><img decoding=\"async\" class=\"wp-image-181967\" src=\"https:\/\/leon-mexico.com\/wp-content\/uploads\/2026\/09\/Prensa-Fiestas-Patrias-26-7.png.jpeg\" width=\"1200\" height=\"1600\" alt=\"Mujer hablando en conferencia en Le\u00f3n, Guanajuato, durante Fiestas Patrias, con cartel informativo en fondo rojo.\" srcset=\"https:\/\/leon-mexico.com\/wp-content\/uploads\/2026\/09\/Prensa-Fiestas-Patrias-26-7.png.jpeg 1200w, https:\/\/leon-mexico.com\/wp-content\/uploads\/2026\/09\/Prensa-Fiestas-Patrias-26-7.png-768x1024.jpeg 768w, https:\/\/leon-mexico.com\/wp-content\/uploads\/2026\/09\/Prensa-Fiestas-Patrias-26-7.png-300x400.jpeg 300w, https:\/\/leon-mexico.com\/wp-content\/uploads\/2026\/09\/Prensa-Fiestas-Patrias-26-7.png-1152x1536.jpeg 1152w, https:\/\/leon-mexico.com\/wp-content\/uploads\/2026\/09\/Prensa-Fiestas-Patrias-26-7.png-1536x2048.jpeg 1536w, https:\/\/leon-mexico.com\/wp-content\/uploads\/2026\/09\/Prensa-Fiestas-Patrias-26-7.png-9x12.jpeg 9w, https:\/\/leon-mexico.com\/wp-content\/uploads\/2026\/09\/Prensa-Fiestas-Patrias-26-7.png-350x467.jpeg 350w, https:\/\/leon-mexico.com\/wp-content\/uploads\/2026\/09\/Prensa-Fiestas-Patrias-26-7.png-1320x1760.jpeg 1320w\" sizes=\"(max-width: 1200px) 100vw, 1200px\" \/><\/a><\/div>\n\t\t\t\t\t<\/div>\n\t\t\t\t<\/div><\/div><\/div>\t\t\t<\/div>\n\t\t\t\t\t<\/div>\n\n\t\n\t\n\t\n<\/div>\n\n<\/div><\/div><\/div><\/div><\/div><script id=\"script-row-unique-1\" data-row=\"script-row-unique-1\" type=\"text\/javascript\" class=\"vc_controls\">UNCODE.initRow(document.getElementById(\"row-unique-1\"));<\/script><\/div><\/div><\/div>\n<\/div>","protected":false},"excerpt":{"rendered":"<p>Septiembre es una invitaci\u00f3n a celebrar lo que nos hace mexicanos, y Le\u00f3n prepara una agenda llena de m\u00fasica, danza, gastronom\u00eda y espect\u00e1culos para disfrutar en familia. Durante las Fiestas Patrias, la ciudad se llena de color y actividades que convierten sus calles, plazas y recintos culturales en escenarios para vivir la tradici\u00f3n mexicana.<\/p>","protected":false},"author":5,"featured_media":181962,"comment_status":"closed","ping_status":"closed","sticky":false,"template":"","format":"standard","meta":{"rs_blank_template":"","rs_page_bg_color":"","slide_template_v7":"","footnotes":""},"categories":[141],"tags":[],"class_list":["post-181960","post","type-post","status-publish","format-standard","has-post-thumbnail","hentry","category-noticias"],"_links":{"self":[{"href":"https:\/\/leon-mexico.com\/en\/wp-json\/wp\/v2\/posts\/181960","targetHints":{"allow":["GET"]}}],"collection":[{"href":"https:\/\/leon-mexico.com\/en\/wp-json\/wp\/v2\/posts"}],"about":[{"href":"https:\/\/leon-mexico.com\/en\/wp-json\/wp\/v2\/types\/post"}],"author":[{"embeddable":true,"href":"https:\/\/leon-mexico.com\/en\/wp-json\/wp\/v2\/users\/5"}],"replies":[{"embeddable":true,"href":"https:\/\/leon-mexico.com\/en\/wp-json\/wp\/v2\/comments?post=181960"}],"version-history":[{"count":0,"href":"https:\/\/leon-mexico.com\/en\/wp-json\/wp\/v2\/posts\/181960\/revisions"}],"wp:featuredmedia":[{"embeddable":true,"href":"https:\/\/leon-mexico.com\/en\/wp-json\/wp\/v2\/media\/181962"}],"wp:attachment":[{"href":"https:\/\/leon-mexico.com\/en\/wp-json\/wp\/v2\/media?parent=181960"}],"wp:term":[{"taxonomy":"category","embeddable":true,"href":"https:\/\/leon-mexico.com\/en\/wp-json\/wp\/v2\/categories?post=181960"},{"taxonomy":"post_tag","embeddable":true,"href":"https:\/\/leon-mexico.com\/en\/wp-json\/wp\/v2\/tags?post=181960"}],"curies":[{"name":"wp","href":"https:\/\/api.w.org\/{rel}","templated":true}]}}